{"id":3453,"date":"2019-12-07T21:22:06","date_gmt":"2019-12-07T20:22:06","guid":{"rendered":"http:\/\/estudi33.net\/?p=3453"},"modified":"2025-01-18T18:13:23","modified_gmt":"2025-01-18T17:13:23","slug":"inauguracio-concessionari-kia-emporspeed-mont-ras","status":"publish","type":"post","link":"https:\/\/www.estudi33.net\/es\/inauguracio-concessionari-kia-emporspeed-mont-ras\/","title":{"rendered":"Inauguraci\u00f3n concesionario Kia Emporspeed Mont-ras"},"content":{"rendered":"\t\t<div data-elementor-type=\"wp-post\" data-elementor-id=\"3453\" class=\"elementor elementor-3453\" data-elementor-post-type=\"post\">\n\t\t\t\t\t\t<section class=\"elementor-section elementor-top-section elementor-element elementor-element-671f4944 elementor-section-full_width elementor-section-height-default elementor-section-height-default\" data-id=\"671f4944\" data-element_type=\"section\" data-e-type=\"section\">\n\t\t\t\t\t\t<div class=\"elementor-container elementor-column-gap-no\">\n\t\t\t\t\t<div class=\"elementor-column elementor-col-100 elementor-top-column elementor-element elementor-element-4d4db44f\" data-id=\"4d4db44f\" data-element_type=\"column\" data-e-type=\"column\">\n\t\t\t<div class=\"elementor-widget-wrap elementor-element-populated\">\n\t\t\t\t\t\t<div class=\"elementor-element elementor-element-36d1ba36 elementor-widget elementor-widget-text-editor\" data-id=\"36d1ba36\" data-element_type=\"widget\" data-e-type=\"widget\" data-widget_type=\"text-editor.default\">\n\t\t\t\t\t\t\t\t\t<p style=\"text-align: justify;\">El passat dijous <strong>28 de Novembre<\/strong> vam ser presents a una festa del motor en tota regla: <strong>inauguraci\u00f3 del nou concessionari Kia Emporspeed a Mont-ras<\/strong>.<\/p>\r\n<p style=\"text-align: justify;\"><strong>Estudi 33<\/strong> al capdavant de l\u2019<strong>organitzaci\u00f3 i coordinaci\u00f3 del c\u00e0tering<\/strong> de l\u2019esdeveniment. Tot cuidat fins l\u2019\u00faltim detall per qu\u00e8 tots i cadascun dels convidats gaudissin al m\u00e0xim d\u2019un vespre especial.<\/p>\r\n<p style=\"text-align: justify;\">Una nit amb menjar i beure de qualitat, atenci\u00f3 al client exquisit, premis i prova de vehicles que no va deixar ning\u00fa indiferent.<\/p>\r\n<p style=\"text-align: justify;\">Des d\u2019<strong>Estudi 33<\/strong> agrair la confian\u00e7a dipositada per <strong>Emporspeed<\/strong>, concessionari oficial <strong>Kia<\/strong> a <strong>Blanes<\/strong>, <strong>Sant Feliu de Gu\u00edxols<\/strong> i, ara tamb\u00e9, <strong>Mont-ras<\/strong>.<\/p>\r\n<p style=\"text-align: justify;\">Tamb\u00e9 al gran equip que van fer possible que tot sort\u00eds m\u00e9s que rod\u00f3.<\/p>\r\n\r\n<h3 style=\"text-align: justify;\">Gr\u00e0cies a tothom i\u2026 fins el proper esdeveniment!<\/h3>\t\t\t\t\t\t\t\t<\/div>\n\t\t\t\t\t<\/div>\n\t\t<\/div>\n\t\t\t\t\t<\/div>\n\t\t<\/section>\n\t\t\t\t<section class=\"elementor-section elementor-top-section elementor-element elementor-element-c6743ae elementor-section-full_width elementor-section-height-default elementor-section-height-default\" data-id=\"c6743ae\" data-element_type=\"section\" data-e-type=\"section\">\n\t\t\t\t\t\t<div class=\"elementor-container elementor-column-gap-no\">\n\t\t\t\t\t<div class=\"elementor-column elementor-col-100 elementor-top-column elementor-element elementor-element-0675995\" data-id=\"0675995\" data-element_type=\"column\" data-e-type=\"column\">\n\t\t\t<div class=\"elementor-widget-wrap elementor-element-populated\">\n\t\t\t\t\t\t<div class=\"elementor-element elementor-element-ab77996 elementor-widget elementor-widget-gallery\" data-id=\"ab77996\" data-element_type=\"widget\" data-e-type=\"widget\" data-settings=\"{&quot;columns&quot;:3,&quot;gap&quot;:{&quot;unit&quot;:&quot;px&quot;,&quot;size&quot;:4,&quot;sizes&quot;:[]},&quot;gap_tablet&quot;:{&quot;unit&quot;:&quot;px&quot;,&quot;size&quot;:4,&quot;sizes&quot;:[]},&quot;gap_mobile&quot;:{&quot;unit&quot;:&quot;px&quot;,&quot;size&quot;:2,&quot;sizes&quot;:[]},&quot;background_overlay_hover_animation&quot;:&quot;enter-zoom-out&quot;,&quot;aspect_ratio&quot;:&quot;16:9&quot;,&quot;lazyload&quot;:&quot;yes&quot;,&quot;gallery_layout&quot;:&quot;grid&quot;,&quot;columns_tablet&quot;:2,&quot;columns_mobile&quot;:1,&quot;link_to&quot;:&quot;file&quot;,&quot;overlay_background&quot;:&quot;yes&quot;,&quot;content_hover_animation&quot;:&quot;fade-in&quot;}\" data-widget_type=\"gallery.default\">\n\t\t\t\t\t\t\t<div class=\"elementor-gallery__container\">\n\t\t\t\t\t\t\t<a class=\"e-gallery-item elementor-gallery-item elementor-animated-content\" href=\"https:\/\/www.estudi33.net\/wp-content\/uploads\/2019\/12\/inauguracio-concessionari-kia-emporspeed-montras-10.jpg\" data-elementor-open-lightbox=\"yes\" data-elementor-lightbox-slideshow=\"ab77996\" data-elementor-lightbox-title=\"Estudi 33 | Inauguracio concessionari kia emporspeed Mont-ras\" data-e-action-hash=\"#elementor-action%3Aaction%3Dlightbox%26settings%3DeyJpZCI6MzQ2OCwidXJsIjoiaHR0cHM6XC9cL3d3dy5lc3R1ZGkzMy5uZXRcL3dwLWNvbnRlbnRcL3VwbG9hZHNcLzIwMTlcLzEyXC9pbmF1Z3VyYWNpby1jb25jZXNzaW9uYXJpLWtpYS1lbXBvcnNwZWVkLW1vbnRyYXMtMTAuanBnIiwic2xpZGVzaG93IjoiYWI3Nzk5NiJ9\">\n\t\t\t\t\t<div class=\"e-gallery-image elementor-gallery-item__image\" data-thumbnail=\"https:\/\/www.estudi33.net\/wp-content\/uploads\/2019\/12\/inauguracio-concessionari-kia-emporspeed-montras-10.jpg\" data-width=\"1200\" data-height=\"700\" aria-label=\"Estudi 33 | Inauguracio concessionari kia emporspeed Mont-ras\" role=\"img\" ><\/div>\n\t\t\t\t\t\t\t\t\t\t\t<div class=\"elementor-gallery-item__overlay\"><\/div>\n\t\t\t\t\t\t\t\t\t\t\t\t\t\t<\/a>\n\t\t\t\t\t\t\t<a class=\"e-gallery-item elementor-gallery-item elementor-animated-content\" href=\"https:\/\/www.estudi33.net\/wp-content\/uploads\/2019\/12\/inauguracio-concessionari-kia-emporspeed-montras-06.jpg\" data-elementor-open-lightbox=\"yes\" data-elementor-lightbox-slideshow=\"ab77996\" data-elementor-lightbox-title=\"Estudi 33 | Inauguracio concessionari kia emporspeed Mont-ras\" data-e-action-hash=\"#elementor-action%3Aaction%3Dlightbox%26settings%3DeyJpZCI6MzQ2NCwidXJsIjoiaHR0cHM6XC9cL3d3dy5lc3R1ZGkzMy5uZXRcL3dwLWNvbnRlbnRcL3VwbG9hZHNcLzIwMTlcLzEyXC9pbmF1Z3VyYWNpby1jb25jZXNzaW9uYXJpLWtpYS1lbXBvcnNwZWVkLW1vbnRyYXMtMDYuanBnIiwic2xpZGVzaG93IjoiYWI3Nzk5NiJ9\">\n\t\t\t\t\t<div class=\"e-gallery-image elementor-gallery-item__image\" data-thumbnail=\"https:\/\/www.estudi33.net\/wp-content\/uploads\/2019\/12\/inauguracio-concessionari-kia-emporspeed-montras-06.jpg\" data-width=\"1200\" data-height=\"700\" aria-label=\"Estudi 33 | Inauguracio concessionari kia emporspeed Mont-ras\" role=\"img\" ><\/div>\n\t\t\t\t\t\t\t\t\t\t\t<div class=\"elementor-gallery-item__overlay\"><\/div>\n\t\t\t\t\t\t\t\t\t\t\t\t\t\t<\/a>\n\t\t\t\t\t\t\t<a class=\"e-gallery-item elementor-gallery-item elementor-animated-content\" href=\"https:\/\/www.estudi33.net\/wp-content\/uploads\/2019\/12\/inauguracio-concessionari-kia-emporspeed-montras-07.jpg\" data-elementor-open-lightbox=\"yes\" data-elementor-lightbox-slideshow=\"ab77996\" data-elementor-lightbox-title=\"Estudi 33 | Inauguracio concessionari kia emporspeed Mont-ras\" data-e-action-hash=\"#elementor-action%3Aaction%3Dlightbox%26settings%3DeyJpZCI6MzQ2NSwidXJsIjoiaHR0cHM6XC9cL3d3dy5lc3R1ZGkzMy5uZXRcL3dwLWNvbnRlbnRcL3VwbG9hZHNcLzIwMTlcLzEyXC9pbmF1Z3VyYWNpby1jb25jZXNzaW9uYXJpLWtpYS1lbXBvcnNwZWVkLW1vbnRyYXMtMDcuanBnIiwic2xpZGVzaG93IjoiYWI3Nzk5NiJ9\">\n\t\t\t\t\t<div class=\"e-gallery-image elementor-gallery-item__image\" data-thumbnail=\"https:\/\/www.estudi33.net\/wp-content\/uploads\/2019\/12\/inauguracio-concessionari-kia-emporspeed-montras-07.jpg\" data-width=\"1200\" data-height=\"700\" aria-label=\"Estudi 33 | Inauguracio concessionari kia emporspeed Mont-ras\" role=\"img\" ><\/div>\n\t\t\t\t\t\t\t\t\t\t\t<div class=\"elementor-gallery-item__overlay\"><\/div>\n\t\t\t\t\t\t\t\t\t\t\t\t\t\t<\/a>\n\t\t\t\t\t\t\t<a class=\"e-gallery-item elementor-gallery-item elementor-animated-content\" href=\"https:\/\/www.estudi33.net\/wp-content\/uploads\/2019\/12\/inauguracio-concessionari-kia-emporspeed-montras-11.jpg\" data-elementor-open-lightbox=\"yes\" data-elementor-lightbox-slideshow=\"ab77996\" data-elementor-lightbox-title=\"Estudi 33 | Inauguracio concessionari kia emporspeed Mont-ras\" data-e-action-hash=\"#elementor-action%3Aaction%3Dlightbox%26settings%3DeyJpZCI6MzQ2OSwidXJsIjoiaHR0cHM6XC9cL3d3dy5lc3R1ZGkzMy5uZXRcL3dwLWNvbnRlbnRcL3VwbG9hZHNcLzIwMTlcLzEyXC9pbmF1Z3VyYWNpby1jb25jZXNzaW9uYXJpLWtpYS1lbXBvcnNwZWVkLW1vbnRyYXMtMTEuanBnIiwic2xpZGVzaG93IjoiYWI3Nzk5NiJ9\">\n\t\t\t\t\t<div class=\"e-gallery-image elementor-gallery-item__image\" data-thumbnail=\"https:\/\/www.estudi33.net\/wp-content\/uploads\/2019\/12\/inauguracio-concessionari-kia-emporspeed-montras-11.jpg\" data-width=\"1200\" data-height=\"700\" aria-label=\"Estudi 33 | Inauguracio concessionari kia emporspeed Mont-ras\" role=\"img\" ><\/div>\n\t\t\t\t\t\t\t\t\t\t\t<div class=\"elementor-gallery-item__overlay\"><\/div>\n\t\t\t\t\t\t\t\t\t\t\t\t\t\t<\/a>\n\t\t\t\t\t\t\t<a class=\"e-gallery-item elementor-gallery-item elementor-animated-content\" href=\"https:\/\/www.estudi33.net\/wp-content\/uploads\/2019\/12\/inauguracio-concessionari-kia-emporspeed-montras-03.jpg\" data-elementor-open-lightbox=\"yes\" data-elementor-lightbox-slideshow=\"ab77996\" data-elementor-lightbox-title=\"Estudi 33 | Inauguracio concessionari kia emporspeed Mont-ras\" data-e-action-hash=\"#elementor-action%3Aaction%3Dlightbox%26settings%3DeyJpZCI6MzQ2MSwidXJsIjoiaHR0cHM6XC9cL3d3dy5lc3R1ZGkzMy5uZXRcL3dwLWNvbnRlbnRcL3VwbG9hZHNcLzIwMTlcLzEyXC9pbmF1Z3VyYWNpby1jb25jZXNzaW9uYXJpLWtpYS1lbXBvcnNwZWVkLW1vbnRyYXMtMDMuanBnIiwic2xpZGVzaG93IjoiYWI3Nzk5NiJ9\">\n\t\t\t\t\t<div class=\"e-gallery-image elementor-gallery-item__image\" data-thumbnail=\"https:\/\/www.estudi33.net\/wp-content\/uploads\/2019\/12\/inauguracio-concessionari-kia-emporspeed-montras-03.jpg\" data-width=\"1200\" data-height=\"700\" aria-label=\"Estudi 33 | Inauguracio concessionari kia emporspeed Mont-ras\" role=\"img\" ><\/div>\n\t\t\t\t\t\t\t\t\t\t\t<div class=\"elementor-gallery-item__overlay\"><\/div>\n\t\t\t\t\t\t\t\t\t\t\t\t\t\t<\/a>\n\t\t\t\t\t\t\t<a class=\"e-gallery-item elementor-gallery-item elementor-animated-content\" href=\"https:\/\/www.estudi33.net\/wp-content\/uploads\/2019\/12\/inauguracio-concessionari-kia-emporspeed-montras-08.jpg\" data-elementor-open-lightbox=\"yes\" data-elementor-lightbox-slideshow=\"ab77996\" data-elementor-lightbox-title=\"Estudi 33 | Inauguracio concessionari kia emporspeed Mont-ras\" data-e-action-hash=\"#elementor-action%3Aaction%3Dlightbox%26settings%3DeyJpZCI6MzQ2NiwidXJsIjoiaHR0cHM6XC9cL3d3dy5lc3R1ZGkzMy5uZXRcL3dwLWNvbnRlbnRcL3VwbG9hZHNcLzIwMTlcLzEyXC9pbmF1Z3VyYWNpby1jb25jZXNzaW9uYXJpLWtpYS1lbXBvcnNwZWVkLW1vbnRyYXMtMDguanBnIiwic2xpZGVzaG93IjoiYWI3Nzk5NiJ9\">\n\t\t\t\t\t<div class=\"e-gallery-image elementor-gallery-item__image\" data-thumbnail=\"https:\/\/www.estudi33.net\/wp-content\/uploads\/2019\/12\/inauguracio-concessionari-kia-emporspeed-montras-08.jpg\" data-width=\"1200\" data-height=\"700\" aria-label=\"Estudi 33 | Inauguracio concessionari kia emporspeed Mont-ras\" role=\"img\" ><\/div>\n\t\t\t\t\t\t\t\t\t\t\t<div class=\"elementor-gallery-item__overlay\"><\/div>\n\t\t\t\t\t\t\t\t\t\t\t\t\t\t<\/a>\n\t\t\t\t\t\t\t<a class=\"e-gallery-item elementor-gallery-item elementor-animated-content\" href=\"https:\/\/www.estudi33.net\/wp-content\/uploads\/2019\/12\/inauguracio-concessionari-kia-emporspeed-montras-02.jpg\" data-elementor-open-lightbox=\"yes\" data-elementor-lightbox-slideshow=\"ab77996\" data-elementor-lightbox-title=\"Estudi 33 | Inauguracio concessionari kia emporspeed Mont-ras\" data-e-action-hash=\"#elementor-action%3Aaction%3Dlightbox%26settings%3DeyJpZCI6MzQ2MCwidXJsIjoiaHR0cHM6XC9cL3d3dy5lc3R1ZGkzMy5uZXRcL3dwLWNvbnRlbnRcL3VwbG9hZHNcLzIwMTlcLzEyXC9pbmF1Z3VyYWNpby1jb25jZXNzaW9uYXJpLWtpYS1lbXBvcnNwZWVkLW1vbnRyYXMtMDIuanBnIiwic2xpZGVzaG93IjoiYWI3Nzk5NiJ9\">\n\t\t\t\t\t<div class=\"e-gallery-image elementor-gallery-item__image\" data-thumbnail=\"https:\/\/www.estudi33.net\/wp-content\/uploads\/2019\/12\/inauguracio-concessionari-kia-emporspeed-montras-02.jpg\" data-width=\"1200\" data-height=\"700\" aria-label=\"Estudi 33 | Inauguracio concessionari kia emporspeed Mont-ras\" role=\"img\" ><\/div>\n\t\t\t\t\t\t\t\t\t\t\t<div class=\"elementor-gallery-item__overlay\"><\/div>\n\t\t\t\t\t\t\t\t\t\t\t\t\t\t<\/a>\n\t\t\t\t\t\t\t<a class=\"e-gallery-item elementor-gallery-item elementor-animated-content\" href=\"https:\/\/www.estudi33.net\/wp-content\/uploads\/2019\/12\/inauguracio-concessionari-kia-emporspeed-montras-05.jpg\" data-elementor-open-lightbox=\"yes\" data-elementor-lightbox-slideshow=\"ab77996\" data-elementor-lightbox-title=\"Estudi 33 | Inauguracio concessionari kia emporspeed Mont-ras\" data-e-action-hash=\"#elementor-action%3Aaction%3Dlightbox%26settings%3DeyJpZCI6MzQ2MywidXJsIjoiaHR0cHM6XC9cL3d3dy5lc3R1ZGkzMy5uZXRcL3dwLWNvbnRlbnRcL3VwbG9hZHNcLzIwMTlcLzEyXC9pbmF1Z3VyYWNpby1jb25jZXNzaW9uYXJpLWtpYS1lbXBvcnNwZWVkLW1vbnRyYXMtMDUuanBnIiwic2xpZGVzaG93IjoiYWI3Nzk5NiJ9\">\n\t\t\t\t\t<div class=\"e-gallery-image elementor-gallery-item__image\" data-thumbnail=\"https:\/\/www.estudi33.net\/wp-content\/uploads\/2019\/12\/inauguracio-concessionari-kia-emporspeed-montras-05.jpg\" data-width=\"1200\" data-height=\"700\" aria-label=\"Estudi 33 | Inauguracio concessionari kia emporspeed Mont-ras\" role=\"img\" ><\/div>\n\t\t\t\t\t\t\t\t\t\t\t<div class=\"elementor-gallery-item__overlay\"><\/div>\n\t\t\t\t\t\t\t\t\t\t\t\t\t\t<\/a>\n\t\t\t\t\t\t\t<a class=\"e-gallery-item elementor-gallery-item elementor-animated-content\" href=\"https:\/\/www.estudi33.net\/wp-content\/uploads\/2019\/12\/inauguracio-concessionari-kia-emporspeed-montras-12.jpg\" data-elementor-open-lightbox=\"yes\" data-elementor-lightbox-slideshow=\"ab77996\" data-elementor-lightbox-title=\"Estudi 33 | Inauguracio concessionari kia emporspeed Mont-ras\" data-e-action-hash=\"#elementor-action%3Aaction%3Dlightbox%26settings%3DeyJpZCI6MzQ3MCwidXJsIjoiaHR0cHM6XC9cL3d3dy5lc3R1ZGkzMy5uZXRcL3dwLWNvbnRlbnRcL3VwbG9hZHNcLzIwMTlcLzEyXC9pbmF1Z3VyYWNpby1jb25jZXNzaW9uYXJpLWtpYS1lbXBvcnNwZWVkLW1vbnRyYXMtMTIuanBnIiwic2xpZGVzaG93IjoiYWI3Nzk5NiJ9\">\n\t\t\t\t\t<div class=\"e-gallery-image elementor-gallery-item__image\" data-thumbnail=\"https:\/\/www.estudi33.net\/wp-content\/uploads\/2019\/12\/inauguracio-concessionari-kia-emporspeed-montras-12.jpg\" data-width=\"1200\" data-height=\"700\" aria-label=\"Estudi 33 | Inauguracio concessionari kia emporspeed Mont-ras\" role=\"img\" ><\/div>\n\t\t\t\t\t\t\t\t\t\t\t<div class=\"elementor-gallery-item__overlay\"><\/div>\n\t\t\t\t\t\t\t\t\t\t\t\t\t\t<\/a>\n\t\t\t\t\t\t\t<a class=\"e-gallery-item elementor-gallery-item elementor-animated-content\" href=\"https:\/\/www.estudi33.net\/wp-content\/uploads\/2019\/12\/inauguracio-concessionari-kia-emporspeed-montras-01.jpg\" data-elementor-open-lightbox=\"yes\" data-elementor-lightbox-slideshow=\"ab77996\" data-elementor-lightbox-title=\"Estudi 33 | Inauguracio concessionari kia emporspeed Mont-ras\" data-e-action-hash=\"#elementor-action%3Aaction%3Dlightbox%26settings%3DeyJpZCI6MzQ1NywidXJsIjoiaHR0cHM6XC9cL3d3dy5lc3R1ZGkzMy5uZXRcL3dwLWNvbnRlbnRcL3VwbG9hZHNcLzIwMTlcLzEyXC9pbmF1Z3VyYWNpby1jb25jZXNzaW9uYXJpLWtpYS1lbXBvcnNwZWVkLW1vbnRyYXMtMDEuanBnIiwic2xpZGVzaG93IjoiYWI3Nzk5NiJ9\">\n\t\t\t\t\t<div class=\"e-gallery-image elementor-gallery-item__image\" data-thumbnail=\"https:\/\/www.estudi33.net\/wp-content\/uploads\/2019\/12\/inauguracio-concessionari-kia-emporspeed-montras-01.jpg\" data-width=\"1200\" data-height=\"700\" aria-label=\"Estudi 33 | Inauguracio concessionari kia emporspeed Mont-ras\" role=\"img\" ><\/div>\n\t\t\t\t\t\t\t\t\t\t\t<div class=\"elementor-gallery-item__overlay\"><\/div>\n\t\t\t\t\t\t\t\t\t\t\t\t\t\t<\/a>\n\t\t\t\t\t\t\t<a class=\"e-gallery-item elementor-gallery-item elementor-animated-content\" href=\"https:\/\/www.estudi33.net\/wp-content\/uploads\/2019\/12\/inauguracio-concessionari-kia-emporspeed-montras-09.jpg\" data-elementor-open-lightbox=\"yes\" data-elementor-lightbox-slideshow=\"ab77996\" data-elementor-lightbox-title=\"Estudi 33 | Inauguracio concessionari kia emporspeed Mont-ras\" data-e-action-hash=\"#elementor-action%3Aaction%3Dlightbox%26settings%3DeyJpZCI6MzQ2NywidXJsIjoiaHR0cHM6XC9cL3d3dy5lc3R1ZGkzMy5uZXRcL3dwLWNvbnRlbnRcL3VwbG9hZHNcLzIwMTlcLzEyXC9pbmF1Z3VyYWNpby1jb25jZXNzaW9uYXJpLWtpYS1lbXBvcnNwZWVkLW1vbnRyYXMtMDkuanBnIiwic2xpZGVzaG93IjoiYWI3Nzk5NiJ9\">\n\t\t\t\t\t<div class=\"e-gallery-image elementor-gallery-item__image\" data-thumbnail=\"https:\/\/www.estudi33.net\/wp-content\/uploads\/2019\/12\/inauguracio-concessionari-kia-emporspeed-montras-09.jpg\" data-width=\"1200\" data-height=\"700\" aria-label=\"Estudi 33 | Inauguracio concessionari kia emporspeed Mont-ras\" role=\"img\" ><\/div>\n\t\t\t\t\t\t\t\t\t\t\t<div class=\"elementor-gallery-item__overlay\"><\/div>\n\t\t\t\t\t\t\t\t\t\t\t\t\t\t<\/a>\n\t\t\t\t\t\t\t<a class=\"e-gallery-item elementor-gallery-item elementor-animated-content\" href=\"https:\/\/www.estudi33.net\/wp-content\/uploads\/2019\/12\/inauguracio-concessionari-kia-emporspeed-montras-04.jpg\" data-elementor-open-lightbox=\"yes\" data-elementor-lightbox-slideshow=\"ab77996\" data-elementor-lightbox-title=\"Estudi 33 | Inauguracio concessionari kia emporspeed Mont-ras\" data-e-action-hash=\"#elementor-action%3Aaction%3Dlightbox%26settings%3DeyJpZCI6MzQ2MiwidXJsIjoiaHR0cHM6XC9cL3d3dy5lc3R1ZGkzMy5uZXRcL3dwLWNvbnRlbnRcL3VwbG9hZHNcLzIwMTlcLzEyXC9pbmF1Z3VyYWNpby1jb25jZXNzaW9uYXJpLWtpYS1lbXBvcnNwZWVkLW1vbnRyYXMtMDQuanBnIiwic2xpZGVzaG93IjoiYWI3Nzk5NiJ9\">\n\t\t\t\t\t<div class=\"e-gallery-image elementor-gallery-item__image\" data-thumbnail=\"https:\/\/www.estudi33.net\/wp-content\/uploads\/2019\/12\/inauguracio-concessionari-kia-emporspeed-montras-04.jpg\" data-width=\"1200\" data-height=\"700\" aria-label=\"Estudi 33 | Inauguracio concessionari kia emporspeed Mont-ras\" role=\"img\" ><\/div>\n\t\t\t\t\t\t\t\t\t\t\t<div class=\"elementor-gallery-item__overlay\"><\/div>\n\t\t\t\t\t\t\t\t\t\t\t\t\t\t<\/a>\n\t\t\t\t\t<\/div>\n\t\t\t\t\t<\/div>\n\t\t\t\t\t<\/div>\n\t\t<\/div>\n\t\t\t\t\t<\/div>\n\t\t<\/section>\n\t\t\t\t<\/div>\n\t\t","protected":false},"excerpt":{"rendered":"<p style=\"text-align: justify;\">El pasado jueves 28 de Noviembre estuvimos presentes en la <strong>inauguraci\u00f3n del nuevo concesionario Kia Emporspeed en Mont-ras<\/strong>.<\/p>\n<p style=\"text-align: justify;\"><strong>Estudi 33<\/strong> al frente de la <strong>organizaci\u00f3n y coordinaci\u00f3n del c\u00e1tering<\/strong> del evento. Todo cuidado hasta el \u00faltimo detalle para que todos y cada uno de los invitados disfrutaran al m\u00e1ximo de una noche especial.<\/p>\n","protected":false},"author":1,"featured_media":3457,"comment_status":"closed","ping_status":"closed","sticky":false,"template":"","format":"standard","meta":{"footnotes":""},"categories":[17,1],"tags":[],"class_list":["post-3453","post","type-post","status-publish","format-standard","has-post-thumbnail","hentry","category-events","category-news"],"yoast_head":"<!-- This site is optimized with the Yoast SEO plugin v27.5 - https:\/\/yoast.com\/product\/yoast-seo-wordpress\/ -->\n<title>Inauguraci\u00f3n concesionario Kia Emporspeed Mont-ras - Estudi 33<\/title>\n<meta name=\"description\" content=\"Estudi 33 al capdavant de l\u2019organitzaci\u00f3 i coordinaci\u00f3 del catering de la inauguraci\u00f3 del nou concessionari Kia Emporspeed a Mont-ras.\" \/>\n<meta name=\"robots\" content=\"index, follow, max-snippet:-1, max-image-preview:large, max-video-preview:-1\" \/>\n<link rel=\"canonical\" href=\"https:\/\/www.estudi33.net\/inauguracio-concessionari-kia-emporspeed-mont-ras\/\" \/>\n<meta property=\"og:locale\" content=\"es_ES\" \/>\n<meta property=\"og:type\" content=\"article\" \/>\n<meta property=\"og:title\" content=\"[:ca]Inauguraci\u00f3 concessionari Kia Emporspeed Mont-ras[:es]Inauguraci\u00f3n concesionario Kia Emporspeed Mont-ras[:] - Estudi 33\" \/>\n<meta property=\"og:description\" content=\"Estudi 33 al capdavant de l\u2019organitzaci\u00f3 i coordinaci\u00f3 del catering de la inauguraci\u00f3 del nou concessionari Kia Emporspeed a Mont-ras.\" \/>\n<meta property=\"og:url\" content=\"https:\/\/www.estudi33.net\/inauguracio-concessionari-kia-emporspeed-mont-ras\/\" \/>\n<meta property=\"og:site_name\" content=\"Estudi 33\" \/>\n<meta property=\"article:publisher\" content=\"https:\/\/www.facebook.com\/estudi33produccions\/\" \/>\n<meta property=\"article:published_time\" content=\"2019-12-07T20:22:06+00:00\" \/>\n<meta property=\"article:modified_time\" content=\"2025-01-18T17:13:23+00:00\" \/>\n<meta property=\"og:image\" content=\"https:\/\/www.estudi33.net\/wp-content\/uploads\/2019\/12\/inauguracio-concessionari-kia-emporspeed-montras-01.jpg\" \/>\n\t<meta property=\"og:image:width\" content=\"1200\" \/>\n\t<meta property=\"og:image:height\" content=\"700\" \/>\n\t<meta property=\"og:image:type\" content=\"image\/jpeg\" \/>\n<meta name=\"author\" content=\"Estudi 33\" \/>\n<meta name=\"twitter:card\" content=\"summary_large_image\" \/>\n<meta name=\"twitter:creator\" content=\"@estudi33\" \/>\n<meta name=\"twitter:site\" content=\"@estudi33\" \/>\n<meta name=\"twitter:label1\" content=\"Escrito por\" \/>\n\t<meta name=\"twitter:data1\" content=\"Estudi 33\" \/>\n\t<meta name=\"twitter:label2\" content=\"Tiempo de lectura\" \/>\n\t<meta name=\"twitter:data2\" content=\"1 minuto\" \/>\n<script type=\"application\/ld+json\" class=\"yoast-schema-graph\">{\"@context\":\"https:\\\/\\\/schema.org\",\"@graph\":[{\"@type\":\"Article\",\"@id\":\"https:\\\/\\\/www.estudi33.net\\\/inauguracio-concessionari-kia-emporspeed-mont-ras\\\/#article\",\"isPartOf\":{\"@id\":\"https:\\\/\\\/www.estudi33.net\\\/inauguracio-concessionari-kia-emporspeed-mont-ras\\\/\"},\"author\":{\"name\":\"Estudi 33\",\"@id\":\"https:\\\/\\\/www.estudi33.net\\\/#\\\/schema\\\/person\\\/ce39d8b0dff1da276aca9e4c46d07abc\"},\"headline\":\"Inauguraci\u00f3n concesionario Kia Emporspeed Mont-ras\",\"datePublished\":\"2019-12-07T20:22:06+00:00\",\"dateModified\":\"2025-01-18T17:13:23+00:00\",\"mainEntityOfPage\":{\"@id\":\"https:\\\/\\\/www.estudi33.net\\\/inauguracio-concessionari-kia-emporspeed-mont-ras\\\/\"},\"wordCount\":281,\"publisher\":{\"@id\":\"https:\\\/\\\/www.estudi33.net\\\/#organization\"},\"image\":{\"@id\":\"https:\\\/\\\/www.estudi33.net\\\/inauguracio-concessionari-kia-emporspeed-mont-ras\\\/#primaryimage\"},\"thumbnailUrl\":\"https:\\\/\\\/www.estudi33.net\\\/wp-content\\\/uploads\\\/2019\\\/12\\\/inauguracio-concessionari-kia-emporspeed-montras-01.jpg\",\"articleSection\":[\"Eventos\",\"News\"],\"inLanguage\":\"es\"},{\"@type\":\"WebPage\",\"@id\":\"https:\\\/\\\/www.estudi33.net\\\/inauguracio-concessionari-kia-emporspeed-mont-ras\\\/\",\"url\":\"https:\\\/\\\/www.estudi33.net\\\/inauguracio-concessionari-kia-emporspeed-mont-ras\\\/\",\"name\":\"[:ca]Inauguraci\u00f3 concessionari Kia Emporspeed Mont-ras[:es]Inauguraci\u00f3n concesionario Kia Emporspeed Mont-ras[:] - Estudi 33\",\"isPartOf\":{\"@id\":\"https:\\\/\\\/www.estudi33.net\\\/#website\"},\"primaryImageOfPage\":{\"@id\":\"https:\\\/\\\/www.estudi33.net\\\/inauguracio-concessionari-kia-emporspeed-mont-ras\\\/#primaryimage\"},\"image\":{\"@id\":\"https:\\\/\\\/www.estudi33.net\\\/inauguracio-concessionari-kia-emporspeed-mont-ras\\\/#primaryimage\"},\"thumbnailUrl\":\"https:\\\/\\\/www.estudi33.net\\\/wp-content\\\/uploads\\\/2019\\\/12\\\/inauguracio-concessionari-kia-emporspeed-montras-01.jpg\",\"datePublished\":\"2019-12-07T20:22:06+00:00\",\"dateModified\":\"2025-01-18T17:13:23+00:00\",\"description\":\"Estudi 33 al capdavant de l\u2019organitzaci\u00f3 i coordinaci\u00f3 del catering de la inauguraci\u00f3 del nou concessionari Kia Emporspeed a Mont-ras.\",\"breadcrumb\":{\"@id\":\"https:\\\/\\\/www.estudi33.net\\\/inauguracio-concessionari-kia-emporspeed-mont-ras\\\/#breadcrumb\"},\"inLanguage\":\"es\",\"potentialAction\":[{\"@type\":\"ReadAction\",\"target\":[\"https:\\\/\\\/www.estudi33.net\\\/inauguracio-concessionari-kia-emporspeed-mont-ras\\\/\"]}]},{\"@type\":\"ImageObject\",\"inLanguage\":\"es\",\"@id\":\"https:\\\/\\\/www.estudi33.net\\\/inauguracio-concessionari-kia-emporspeed-mont-ras\\\/#primaryimage\",\"url\":\"https:\\\/\\\/www.estudi33.net\\\/wp-content\\\/uploads\\\/2019\\\/12\\\/inauguracio-concessionari-kia-emporspeed-montras-01.jpg\",\"contentUrl\":\"https:\\\/\\\/www.estudi33.net\\\/wp-content\\\/uploads\\\/2019\\\/12\\\/inauguracio-concessionari-kia-emporspeed-montras-01.jpg\",\"width\":1200,\"height\":700,\"caption\":\"Estudi 33 | Inauguracio concessionari kia emporspeed Mont-ras\"},{\"@type\":\"BreadcrumbList\",\"@id\":\"https:\\\/\\\/www.estudi33.net\\\/inauguracio-concessionari-kia-emporspeed-mont-ras\\\/#breadcrumb\",\"itemListElement\":[{\"@type\":\"ListItem\",\"position\":1,\"name\":\"Portada\",\"item\":\"https:\\\/\\\/www.estudi33.net\\\/\"},{\"@type\":\"ListItem\",\"position\":2,\"name\":\"Inauguraci\u00f3n concesionario Kia Emporspeed Mont-ras\"}]},{\"@type\":\"WebSite\",\"@id\":\"https:\\\/\\\/www.estudi33.net\\\/#website\",\"url\":\"https:\\\/\\\/www.estudi33.net\\\/\",\"name\":\"Estudi 33\",\"description\":\"Agencia de comunicaci\u00f3n en Girona\",\"publisher\":{\"@id\":\"https:\\\/\\\/www.estudi33.net\\\/#organization\"},\"potentialAction\":[{\"@type\":\"SearchAction\",\"target\":{\"@type\":\"EntryPoint\",\"urlTemplate\":\"https:\\\/\\\/www.estudi33.net\\\/?s={search_term_string}\"},\"query-input\":{\"@type\":\"PropertyValueSpecification\",\"valueRequired\":true,\"valueName\":\"search_term_string\"}}],\"inLanguage\":\"es\"},{\"@type\":\"Organization\",\"@id\":\"https:\\\/\\\/www.estudi33.net\\\/#organization\",\"name\":\"Estudi 33\",\"url\":\"https:\\\/\\\/www.estudi33.net\\\/\",\"logo\":{\"@type\":\"ImageObject\",\"inLanguage\":\"es\",\"@id\":\"https:\\\/\\\/www.estudi33.net\\\/#\\\/schema\\\/logo\\\/image\\\/\",\"url\":\"https:\\\/\\\/www.estudi33.net\\\/wp-content\\\/uploads\\\/2021\\\/02\\\/Estudi-33-Comunicacio-Marqueting-Logo.png\",\"contentUrl\":\"https:\\\/\\\/www.estudi33.net\\\/wp-content\\\/uploads\\\/2021\\\/02\\\/Estudi-33-Comunicacio-Marqueting-Logo.png\",\"width\":350,\"height\":116,\"caption\":\"Estudi 33\"},\"image\":{\"@id\":\"https:\\\/\\\/www.estudi33.net\\\/#\\\/schema\\\/logo\\\/image\\\/\"},\"sameAs\":[\"https:\\\/\\\/www.facebook.com\\\/estudi33produccions\\\/\",\"https:\\\/\\\/x.com\\\/estudi33\",\"https:\\\/\\\/www.instagram.com\\\/estudi33_produccions\\\/\",\"https:\\\/\\\/www.linkedin.com\\\/company-beta\\\/2639775\\\/\",\"https:\\\/\\\/www.youtube.com\\\/channel\\\/UCvKHQ6x3z705QdUg8dx9AsQ\"]},{\"@type\":\"Person\",\"@id\":\"https:\\\/\\\/www.estudi33.net\\\/#\\\/schema\\\/person\\\/ce39d8b0dff1da276aca9e4c46d07abc\",\"name\":\"Estudi 33\",\"sameAs\":[\"https:\\\/\\\/www.estudi33.net\"]}]}<\/script>\n<!-- \/ Yoast SEO plugin. -->","yoast_head_json":{"title":"[:ca]Inauguraci\u00f3 concessionari Kia Emporspeed Mont-ras[:es]Inauguraci\u00f3n concesionario Kia Emporspeed Mont-ras[:] - Estudi 33","description":"Estudi 33 al capdavant de l\u2019organitzaci\u00f3 i coordinaci\u00f3 del catering de la inauguraci\u00f3 del nou concessionari Kia Emporspeed a Mont-ras.","robots":{"index":"index","follow":"follow","max-snippet":"max-snippet:-1","max-image-preview":"max-image-preview:large","max-video-preview":"max-video-preview:-1"},"canonical":"https:\/\/www.estudi33.net\/inauguracio-concessionari-kia-emporspeed-mont-ras\/","og_locale":"es_ES","og_type":"article","og_title":"[:ca]Inauguraci\u00f3 concessionari Kia Emporspeed Mont-ras[:es]Inauguraci\u00f3n concesionario Kia Emporspeed Mont-ras[:] - Estudi 33","og_description":"Estudi 33 al capdavant de l\u2019organitzaci\u00f3 i coordinaci\u00f3 del catering de la inauguraci\u00f3 del nou concessionari Kia Emporspeed a Mont-ras.","og_url":"https:\/\/www.estudi33.net\/inauguracio-concessionari-kia-emporspeed-mont-ras\/","og_site_name":"Estudi 33","article_publisher":"https:\/\/www.facebook.com\/estudi33produccions\/","article_published_time":"2019-12-07T20:22:06+00:00","article_modified_time":"2025-01-18T17:13:23+00:00","og_image":[{"width":1200,"height":700,"url":"https:\/\/www.estudi33.net\/wp-content\/uploads\/2019\/12\/inauguracio-concessionari-kia-emporspeed-montras-01.jpg","type":"image\/jpeg"}],"author":"Estudi 33","twitter_card":"summary_large_image","twitter_creator":"@estudi33","twitter_site":"@estudi33","twitter_misc":{"Escrito por":"Estudi 33","Tiempo de lectura":"1 minuto"},"schema":{"@context":"https:\/\/schema.org","@graph":[{"@type":"Article","@id":"https:\/\/www.estudi33.net\/inauguracio-concessionari-kia-emporspeed-mont-ras\/#article","isPartOf":{"@id":"https:\/\/www.estudi33.net\/inauguracio-concessionari-kia-emporspeed-mont-ras\/"},"author":{"name":"Estudi 33","@id":"https:\/\/www.estudi33.net\/#\/schema\/person\/ce39d8b0dff1da276aca9e4c46d07abc"},"headline":"Inauguraci\u00f3n concesionario Kia Emporspeed Mont-ras","datePublished":"2019-12-07T20:22:06+00:00","dateModified":"2025-01-18T17:13:23+00:00","mainEntityOfPage":{"@id":"https:\/\/www.estudi33.net\/inauguracio-concessionari-kia-emporspeed-mont-ras\/"},"wordCount":281,"publisher":{"@id":"https:\/\/www.estudi33.net\/#organization"},"image":{"@id":"https:\/\/www.estudi33.net\/inauguracio-concessionari-kia-emporspeed-mont-ras\/#primaryimage"},"thumbnailUrl":"https:\/\/www.estudi33.net\/wp-content\/uploads\/2019\/12\/inauguracio-concessionari-kia-emporspeed-montras-01.jpg","articleSection":["Eventos","News"],"inLanguage":"es"},{"@type":"WebPage","@id":"https:\/\/www.estudi33.net\/inauguracio-concessionari-kia-emporspeed-mont-ras\/","url":"https:\/\/www.estudi33.net\/inauguracio-concessionari-kia-emporspeed-mont-ras\/","name":"[:ca]Inauguraci\u00f3 concessionari Kia Emporspeed Mont-ras[:es]Inauguraci\u00f3n concesionario Kia Emporspeed Mont-ras[:] - Estudi 33","isPartOf":{"@id":"https:\/\/www.estudi33.net\/#website"},"primaryImageOfPage":{"@id":"https:\/\/www.estudi33.net\/inauguracio-concessionari-kia-emporspeed-mont-ras\/#primaryimage"},"image":{"@id":"https:\/\/www.estudi33.net\/inauguracio-concessionari-kia-emporspeed-mont-ras\/#primaryimage"},"thumbnailUrl":"https:\/\/www.estudi33.net\/wp-content\/uploads\/2019\/12\/inauguracio-concessionari-kia-emporspeed-montras-01.jpg","datePublished":"2019-12-07T20:22:06+00:00","dateModified":"2025-01-18T17:13:23+00:00","description":"Estudi 33 al capdavant de l\u2019organitzaci\u00f3 i coordinaci\u00f3 del catering de la inauguraci\u00f3 del nou concessionari Kia Emporspeed a Mont-ras.","breadcrumb":{"@id":"https:\/\/www.estudi33.net\/inauguracio-concessionari-kia-emporspeed-mont-ras\/#breadcrumb"},"inLanguage":"es","potentialAction":[{"@type":"ReadAction","target":["https:\/\/www.estudi33.net\/inauguracio-concessionari-kia-emporspeed-mont-ras\/"]}]},{"@type":"ImageObject","inLanguage":"es","@id":"https:\/\/www.estudi33.net\/inauguracio-concessionari-kia-emporspeed-mont-ras\/#primaryimage","url":"https:\/\/www.estudi33.net\/wp-content\/uploads\/2019\/12\/inauguracio-concessionari-kia-emporspeed-montras-01.jpg","contentUrl":"https:\/\/www.estudi33.net\/wp-content\/uploads\/2019\/12\/inauguracio-concessionari-kia-emporspeed-montras-01.jpg","width":1200,"height":700,"caption":"Estudi 33 | Inauguracio concessionari kia emporspeed Mont-ras"},{"@type":"BreadcrumbList","@id":"https:\/\/www.estudi33.net\/inauguracio-concessionari-kia-emporspeed-mont-ras\/#breadcrumb","itemListElement":[{"@type":"ListItem","position":1,"name":"Portada","item":"https:\/\/www.estudi33.net\/"},{"@type":"ListItem","position":2,"name":"Inauguraci\u00f3n concesionario Kia Emporspeed Mont-ras"}]},{"@type":"WebSite","@id":"https:\/\/www.estudi33.net\/#website","url":"https:\/\/www.estudi33.net\/","name":"Estudi 33","description":"Agencia de comunicaci\u00f3n en Girona","publisher":{"@id":"https:\/\/www.estudi33.net\/#organization"},"potentialAction":[{"@type":"SearchAction","target":{"@type":"EntryPoint","urlTemplate":"https:\/\/www.estudi33.net\/?s={search_term_string}"},"query-input":{"@type":"PropertyValueSpecification","valueRequired":true,"valueName":"search_term_string"}}],"inLanguage":"es"},{"@type":"Organization","@id":"https:\/\/www.estudi33.net\/#organization","name":"Estudi 33","url":"https:\/\/www.estudi33.net\/","logo":{"@type":"ImageObject","inLanguage":"es","@id":"https:\/\/www.estudi33.net\/#\/schema\/logo\/image\/","url":"https:\/\/www.estudi33.net\/wp-content\/uploads\/2021\/02\/Estudi-33-Comunicacio-Marqueting-Logo.png","contentUrl":"https:\/\/www.estudi33.net\/wp-content\/uploads\/2021\/02\/Estudi-33-Comunicacio-Marqueting-Logo.png","width":350,"height":116,"caption":"Estudi 33"},"image":{"@id":"https:\/\/www.estudi33.net\/#\/schema\/logo\/image\/"},"sameAs":["https:\/\/www.facebook.com\/estudi33produccions\/","https:\/\/x.com\/estudi33","https:\/\/www.instagram.com\/estudi33_produccions\/","https:\/\/www.linkedin.com\/company-beta\/2639775\/","https:\/\/www.youtube.com\/channel\/UCvKHQ6x3z705QdUg8dx9AsQ"]},{"@type":"Person","@id":"https:\/\/www.estudi33.net\/#\/schema\/person\/ce39d8b0dff1da276aca9e4c46d07abc","name":"Estudi 33","sameAs":["https:\/\/www.estudi33.net"]}]}},"_links":{"self":[{"href":"https:\/\/www.estudi33.net\/es\/wp-json\/wp\/v2\/posts\/3453","targetHints":{"allow":["GET"]}}],"collection":[{"href":"https:\/\/www.estudi33.net\/es\/wp-json\/wp\/v2\/posts"}],"about":[{"href":"https:\/\/www.estudi33.net\/es\/wp-json\/wp\/v2\/types\/post"}],"author":[{"embeddable":true,"href":"https:\/\/www.estudi33.net\/es\/wp-json\/wp\/v2\/users\/1"}],"replies":[{"embeddable":true,"href":"https:\/\/www.estudi33.net\/es\/wp-json\/wp\/v2\/comments?post=3453"}],"version-history":[{"count":0,"href":"https:\/\/www.estudi33.net\/es\/wp-json\/wp\/v2\/posts\/3453\/revisions"}],"wp:featuredmedia":[{"embeddable":true,"href":"https:\/\/www.estudi33.net\/es\/wp-json\/wp\/v2\/media\/3457"}],"wp:attachment":[{"href":"https:\/\/www.estudi33.net\/es\/wp-json\/wp\/v2\/media?parent=3453"}],"wp:term":[{"taxonomy":"category","embeddable":true,"href":"https:\/\/www.estudi33.net\/es\/wp-json\/wp\/v2\/categories?post=3453"},{"taxonomy":"post_tag","embeddable":true,"href":"https:\/\/www.estudi33.net\/es\/wp-json\/wp\/v2\/tags?post=3453"}],"curies":[{"name":"wp","href":"https:\/\/api.w.org\/{rel}","templated":true}]}}