{"id":3557,"date":"2020-03-03T18:17:31","date_gmt":"2020-03-03T17:17:31","guid":{"rendered":"http:\/\/estudi33.net\/?p=3557"},"modified":"2020-03-24T10:58:07","modified_gmt":"2020-03-24T09:58:07","slug":"port-de-tarragona-lultim-i-important-projecte-destudi-33","status":"publish","type":"post","link":"https:\/\/www.estudi33.net\/es\/port-de-tarragona-lultim-i-important-projecte-destudi-33\/","title":{"rendered":"Port de Tarragona, \u00faltimo y importante proyecto de Estudi 33"},"content":{"rendered":"<p><\/p>\n<p style=\"text-align: justify;\">Los d\u00edas <strong>1 y 2 de Octubre de 2020<\/strong> se llevar\u00e1 a cabo el <strong>3er Congreso Internacional Agrifood en Port de Tarragona<\/strong>\u2026 y desde <strong>Estudi 33<\/strong> hemos preparado un espacio web de lujo para la ocasi\u00f3n!<\/p>\n<p style=\"text-align: justify;\">Importante transmitir de manera clara y concisa la informaci\u00f3n, para conseguir que los asistentes tengan clara la programaci\u00f3n; que los sponsors tengan un espacio muy visible; que los interesados en asistir puedan hacer su inscripci\u00f3n a trav\u00e9s de la pasarela de pago; que los que se hayan inscrito en el congreso puedan acceder a todas las im\u00e1genes de la jornada a trav\u00e9s del \u00e1rea privada\u2026<\/p>\n<p><img fetchpriority=\"high\" decoding=\"async\" class=\"aligncenter wp-image-3657 size-full\" title=\"Estudi 33 | Agrifood Port Tarragona 2020\" src=\"http:\/\/estudi33.net\/wp-content\/uploads\/2020\/03\/Estudi-33-3rd-Agrifood-Port-Tarragona-2020.jpg\" alt=\"Estudi 33 | Agrifood Port Tarragona 2020\" width=\"900\" height=\"340\" srcset=\"https:\/\/www.estudi33.net\/wp-content\/uploads\/2020\/03\/Estudi-33-3rd-Agrifood-Port-Tarragona-2020.jpg 900w, https:\/\/www.estudi33.net\/wp-content\/uploads\/2020\/03\/Estudi-33-3rd-Agrifood-Port-Tarragona-2020-300x113.jpg 300w, https:\/\/www.estudi33.net\/wp-content\/uploads\/2020\/03\/Estudi-33-3rd-Agrifood-Port-Tarragona-2020-768x290.jpg 768w, https:\/\/www.estudi33.net\/wp-content\/uploads\/2020\/03\/Estudi-33-3rd-Agrifood-Port-Tarragona-2020-50x19.jpg 50w, https:\/\/www.estudi33.net\/wp-content\/uploads\/2020\/03\/Estudi-33-3rd-Agrifood-Port-Tarragona-2020-100x38.jpg 100w\" sizes=\"(max-width: 900px) 100vw, 900px\" \/><\/p>\n<p>Una web visual, en dos idiomas, \u00a1contentos con el resultado!<\/p>\n<p style=\"text-align: justify;\">Pero el proyecto Agrifood va m\u00e1s all\u00e1: gesti\u00f3n de redes sociales, maquetaci\u00f3n de pdf\u2019s del evento, newsletter corporativa\u2026.<\/p>\n<p style=\"text-align: justify;\">Te invitamos a entrar en la nueva incorporaci\u00f3n a nuestro portfolio particular: <a href=\"http:\/\/www.agrifoodporttarragona.com\" target=\"_blank\" rel=\"noopener noreferrer\"><strong>www.agrifoodporttarragona.com<\/strong><\/a><\/p>\n<p><div id=\"attachment_3651\" style=\"width: 810px\" class=\"wp-caption aligncenter\"><img decoding=\"async\" aria-describedby=\"caption-attachment-3651\" class=\"wp-image-3651 size-full\" title=\"Agrifood Port Tarragona 2020\" src=\"http:\/\/estudi33.net\/wp-content\/uploads\/2020\/03\/Agrifood-Port-Tarragona-Estudi-33.jpg\" alt=\"Estudi 33 | Agrifood Port Tarragona 2020\" width=\"800\" height=\"545\" srcset=\"https:\/\/www.estudi33.net\/wp-content\/uploads\/2020\/03\/Agrifood-Port-Tarragona-Estudi-33.jpg 800w, https:\/\/www.estudi33.net\/wp-content\/uploads\/2020\/03\/Agrifood-Port-Tarragona-Estudi-33-300x204.jpg 300w, https:\/\/www.estudi33.net\/wp-content\/uploads\/2020\/03\/Agrifood-Port-Tarragona-Estudi-33-768x523.jpg 768w, https:\/\/www.estudi33.net\/wp-content\/uploads\/2020\/03\/Agrifood-Port-Tarragona-Estudi-33-50x34.jpg 50w, https:\/\/www.estudi33.net\/wp-content\/uploads\/2020\/03\/Agrifood-Port-Tarragona-Estudi-33-100x68.jpg 100w\" sizes=\"(max-width: 800px) 100vw, 800px\" \/><p id=\"caption-attachment-3651\" class=\"wp-caption-text\">Agrifood Port Tarragona 2020<\/p><\/div><\/p>","protected":false},"excerpt":{"rendered":"<p style=\"text-align: justify;\">Los d\u00edas <strong>1 y 2 de Octubre de 2020<\/strong> se llevar\u00e1 a cabo el <strong>3er Congreso Internacional Agrifood en Port de Tarragona<\/strong>\u2026 y desde <strong>Estudi 33<\/strong> hemos preparado un espacio web de lujo para la ocasi\u00f3n!<\/p>\n","protected":false},"author":1,"featured_media":3651,"comment_status":"closed","ping_status":"closed","sticky":false,"template":"","format":"standard","meta":{"footnotes":""},"categories":[1],"tags":[],"class_list":["post-3557","post","type-post","status-publish","format-standard","has-post-thumbnail","hentry","category-news"],"yoast_head":"<!-- This site is optimized with the Yoast SEO plugin v27.4 - https:\/\/yoast.com\/product\/yoast-seo-wordpress\/ -->\n<title>Port de Tarragona, \u00faltimo y importante proyecto de Estudi 33 - Estudi 33<\/title>\n<meta name=\"description\" content=\"Els d\u00edes 1 i 2 d&#039;octubre es dur\u00e0 a terme el 3er Congr\u00e9s Internacional Agrifood Port de Tarragona, i Estudi 33 ha preparat un espai web de luxe per l\u2019ocasi\u00f3!\" \/>\n<meta name=\"robots\" content=\"index, follow, max-snippet:-1, max-image-preview:large, max-video-preview:-1\" \/>\n<link rel=\"canonical\" href=\"https:\/\/www.estudi33.net\/port-de-tarragona-lultim-i-important-projecte-destudi-33\/\" \/>\n<meta property=\"og:locale\" content=\"es_ES\" \/>\n<meta property=\"og:type\" content=\"article\" \/>\n<meta property=\"og:title\" content=\"[:ca]Port de Tarragona, \u00faltim i important projecte d\u2019Estudi 33[:es]Port de Tarragona, \u00faltimo y importante proyecto de Estudi 33[:] - Estudi 33\" \/>\n<meta property=\"og:description\" content=\"Els d\u00edes 1 i 2 d&#039;octubre es dur\u00e0 a terme el 3er Congr\u00e9s Internacional Agrifood Port de Tarragona, i Estudi 33 ha preparat un espai web de luxe per l\u2019ocasi\u00f3!\" \/>\n<meta property=\"og:url\" content=\"https:\/\/www.estudi33.net\/port-de-tarragona-lultim-i-important-projecte-destudi-33\/\" \/>\n<meta property=\"og:site_name\" content=\"Estudi 33\" \/>\n<meta property=\"article:publisher\" content=\"https:\/\/www.facebook.com\/estudi33produccions\/\" \/>\n<meta property=\"article:published_time\" content=\"2020-03-03T17:17:31+00:00\" \/>\n<meta property=\"article:modified_time\" content=\"2020-03-24T09:58:07+00:00\" \/>\n<meta property=\"og:image\" content=\"https:\/\/www.estudi33.net\/wp-content\/uploads\/2020\/03\/Agrifood-Port-Tarragona-Estudi-33.jpg\" \/>\n\t<meta property=\"og:image:width\" content=\"800\" \/>\n\t<meta property=\"og:image:height\" content=\"545\" \/>\n\t<meta property=\"og:image:type\" content=\"image\/jpeg\" \/>\n<meta name=\"author\" content=\"Estudi 33\" \/>\n<meta name=\"twitter:card\" content=\"summary_large_image\" \/>\n<meta name=\"twitter:creator\" content=\"@estudi33\" \/>\n<meta name=\"twitter:site\" content=\"@estudi33\" \/>\n<meta name=\"twitter:label1\" content=\"Escrito por\" \/>\n\t<meta name=\"twitter:data1\" content=\"Estudi 33\" \/>\n\t<meta name=\"twitter:label2\" content=\"Tiempo de lectura\" \/>\n\t<meta name=\"twitter:data2\" content=\"2 minutos\" \/>\n<script type=\"application\/ld+json\" class=\"yoast-schema-graph\">{\"@context\":\"https:\\\/\\\/schema.org\",\"@graph\":[{\"@type\":\"Article\",\"@id\":\"https:\\\/\\\/www.estudi33.net\\\/port-de-tarragona-lultim-i-important-projecte-destudi-33\\\/#article\",\"isPartOf\":{\"@id\":\"https:\\\/\\\/www.estudi33.net\\\/port-de-tarragona-lultim-i-important-projecte-destudi-33\\\/\"},\"author\":{\"name\":\"Estudi 33\",\"@id\":\"https:\\\/\\\/www.estudi33.net\\\/#\\\/schema\\\/person\\\/ce39d8b0dff1da276aca9e4c46d07abc\"},\"headline\":\"Port de Tarragona, \u00faltimo y importante proyecto de Estudi 33\",\"datePublished\":\"2020-03-03T17:17:31+00:00\",\"dateModified\":\"2020-03-24T09:58:07+00:00\",\"mainEntityOfPage\":{\"@id\":\"https:\\\/\\\/www.estudi33.net\\\/port-de-tarragona-lultim-i-important-projecte-destudi-33\\\/\"},\"wordCount\":345,\"publisher\":{\"@id\":\"https:\\\/\\\/www.estudi33.net\\\/#organization\"},\"image\":{\"@id\":\"https:\\\/\\\/www.estudi33.net\\\/port-de-tarragona-lultim-i-important-projecte-destudi-33\\\/#primaryimage\"},\"thumbnailUrl\":\"https:\\\/\\\/www.estudi33.net\\\/wp-content\\\/uploads\\\/2020\\\/03\\\/Agrifood-Port-Tarragona-Estudi-33.jpg\",\"articleSection\":[\"News\"],\"inLanguage\":\"es\"},{\"@type\":\"WebPage\",\"@id\":\"https:\\\/\\\/www.estudi33.net\\\/port-de-tarragona-lultim-i-important-projecte-destudi-33\\\/\",\"url\":\"https:\\\/\\\/www.estudi33.net\\\/port-de-tarragona-lultim-i-important-projecte-destudi-33\\\/\",\"name\":\"[:ca]Port de Tarragona, \u00faltim i important projecte d\u2019Estudi 33[:es]Port de Tarragona, \u00faltimo y importante proyecto de Estudi 33[:] - Estudi 33\",\"isPartOf\":{\"@id\":\"https:\\\/\\\/www.estudi33.net\\\/#website\"},\"primaryImageOfPage\":{\"@id\":\"https:\\\/\\\/www.estudi33.net\\\/port-de-tarragona-lultim-i-important-projecte-destudi-33\\\/#primaryimage\"},\"image\":{\"@id\":\"https:\\\/\\\/www.estudi33.net\\\/port-de-tarragona-lultim-i-important-projecte-destudi-33\\\/#primaryimage\"},\"thumbnailUrl\":\"https:\\\/\\\/www.estudi33.net\\\/wp-content\\\/uploads\\\/2020\\\/03\\\/Agrifood-Port-Tarragona-Estudi-33.jpg\",\"datePublished\":\"2020-03-03T17:17:31+00:00\",\"dateModified\":\"2020-03-24T09:58:07+00:00\",\"description\":\"Els d\u00edes 1 i 2 d'octubre es dur\u00e0 a terme el 3er Congr\u00e9s Internacional Agrifood Port de Tarragona, i Estudi 33 ha preparat un espai web de luxe per l\u2019ocasi\u00f3!\",\"breadcrumb\":{\"@id\":\"https:\\\/\\\/www.estudi33.net\\\/port-de-tarragona-lultim-i-important-projecte-destudi-33\\\/#breadcrumb\"},\"inLanguage\":\"es\",\"potentialAction\":[{\"@type\":\"ReadAction\",\"target\":[\"https:\\\/\\\/www.estudi33.net\\\/port-de-tarragona-lultim-i-important-projecte-destudi-33\\\/\"]}]},{\"@type\":\"ImageObject\",\"inLanguage\":\"es\",\"@id\":\"https:\\\/\\\/www.estudi33.net\\\/port-de-tarragona-lultim-i-important-projecte-destudi-33\\\/#primaryimage\",\"url\":\"https:\\\/\\\/www.estudi33.net\\\/wp-content\\\/uploads\\\/2020\\\/03\\\/Agrifood-Port-Tarragona-Estudi-33.jpg\",\"contentUrl\":\"https:\\\/\\\/www.estudi33.net\\\/wp-content\\\/uploads\\\/2020\\\/03\\\/Agrifood-Port-Tarragona-Estudi-33.jpg\",\"width\":800,\"height\":545,\"caption\":\"Agrifood Port Tarragona 2020\"},{\"@type\":\"BreadcrumbList\",\"@id\":\"https:\\\/\\\/www.estudi33.net\\\/port-de-tarragona-lultim-i-important-projecte-destudi-33\\\/#breadcrumb\",\"itemListElement\":[{\"@type\":\"ListItem\",\"position\":1,\"name\":\"Portada\",\"item\":\"https:\\\/\\\/www.estudi33.net\\\/\"},{\"@type\":\"ListItem\",\"position\":2,\"name\":\"Port de Tarragona, \u00faltim i important projecte d\u2019Estudi 33\"}]},{\"@type\":\"WebSite\",\"@id\":\"https:\\\/\\\/www.estudi33.net\\\/#website\",\"url\":\"https:\\\/\\\/www.estudi33.net\\\/\",\"name\":\"Estudi 33\",\"description\":\"Agencia de comunicaci\u00f3n en Girona\",\"publisher\":{\"@id\":\"https:\\\/\\\/www.estudi33.net\\\/#organization\"},\"potentialAction\":[{\"@type\":\"SearchAction\",\"target\":{\"@type\":\"EntryPoint\",\"urlTemplate\":\"https:\\\/\\\/www.estudi33.net\\\/?s={search_term_string}\"},\"query-input\":{\"@type\":\"PropertyValueSpecification\",\"valueRequired\":true,\"valueName\":\"search_term_string\"}}],\"inLanguage\":\"es\"},{\"@type\":\"Organization\",\"@id\":\"https:\\\/\\\/www.estudi33.net\\\/#organization\",\"name\":\"Estudi 33\",\"url\":\"https:\\\/\\\/www.estudi33.net\\\/\",\"logo\":{\"@type\":\"ImageObject\",\"inLanguage\":\"es\",\"@id\":\"https:\\\/\\\/www.estudi33.net\\\/#\\\/schema\\\/logo\\\/image\\\/\",\"url\":\"https:\\\/\\\/www.estudi33.net\\\/wp-content\\\/uploads\\\/2021\\\/02\\\/Estudi-33-Comunicacio-Marqueting-Logo.png\",\"contentUrl\":\"https:\\\/\\\/www.estudi33.net\\\/wp-content\\\/uploads\\\/2021\\\/02\\\/Estudi-33-Comunicacio-Marqueting-Logo.png\",\"width\":350,\"height\":116,\"caption\":\"Estudi 33\"},\"image\":{\"@id\":\"https:\\\/\\\/www.estudi33.net\\\/#\\\/schema\\\/logo\\\/image\\\/\"},\"sameAs\":[\"https:\\\/\\\/www.facebook.com\\\/estudi33produccions\\\/\",\"https:\\\/\\\/x.com\\\/estudi33\",\"https:\\\/\\\/www.instagram.com\\\/estudi33_produccions\\\/\",\"https:\\\/\\\/www.linkedin.com\\\/company-beta\\\/2639775\\\/\",\"https:\\\/\\\/www.youtube.com\\\/channel\\\/UCvKHQ6x3z705QdUg8dx9AsQ\"]},{\"@type\":\"Person\",\"@id\":\"https:\\\/\\\/www.estudi33.net\\\/#\\\/schema\\\/person\\\/ce39d8b0dff1da276aca9e4c46d07abc\",\"name\":\"Estudi 33\",\"sameAs\":[\"https:\\\/\\\/www.estudi33.net\"]}]}<\/script>\n<!-- \/ Yoast SEO plugin. -->","yoast_head_json":{"title":"[:ca]Port de Tarragona, \u00faltim i important projecte d\u2019Estudi 33[:es]Port de Tarragona, \u00faltimo y importante proyecto de Estudi 33[:] - Estudi 33","description":"Els d\u00edes 1 i 2 d'octubre es dur\u00e0 a terme el 3er Congr\u00e9s Internacional Agrifood Port de Tarragona, i Estudi 33 ha preparat un espai web de luxe per l\u2019ocasi\u00f3!","robots":{"index":"index","follow":"follow","max-snippet":"max-snippet:-1","max-image-preview":"max-image-preview:large","max-video-preview":"max-video-preview:-1"},"canonical":"https:\/\/www.estudi33.net\/port-de-tarragona-lultim-i-important-projecte-destudi-33\/","og_locale":"es_ES","og_type":"article","og_title":"[:ca]Port de Tarragona, \u00faltim i important projecte d\u2019Estudi 33[:es]Port de Tarragona, \u00faltimo y importante proyecto de Estudi 33[:] - Estudi 33","og_description":"Els d\u00edes 1 i 2 d'octubre es dur\u00e0 a terme el 3er Congr\u00e9s Internacional Agrifood Port de Tarragona, i Estudi 33 ha preparat un espai web de luxe per l\u2019ocasi\u00f3!","og_url":"https:\/\/www.estudi33.net\/port-de-tarragona-lultim-i-important-projecte-destudi-33\/","og_site_name":"Estudi 33","article_publisher":"https:\/\/www.facebook.com\/estudi33produccions\/","article_published_time":"2020-03-03T17:17:31+00:00","article_modified_time":"2020-03-24T09:58:07+00:00","og_image":[{"width":800,"height":545,"url":"https:\/\/www.estudi33.net\/wp-content\/uploads\/2020\/03\/Agrifood-Port-Tarragona-Estudi-33.jpg","type":"image\/jpeg"}],"author":"Estudi 33","twitter_card":"summary_large_image","twitter_creator":"@estudi33","twitter_site":"@estudi33","twitter_misc":{"Escrito por":"Estudi 33","Tiempo de lectura":"2 minutos"},"schema":{"@context":"https:\/\/schema.org","@graph":[{"@type":"Article","@id":"https:\/\/www.estudi33.net\/port-de-tarragona-lultim-i-important-projecte-destudi-33\/#article","isPartOf":{"@id":"https:\/\/www.estudi33.net\/port-de-tarragona-lultim-i-important-projecte-destudi-33\/"},"author":{"name":"Estudi 33","@id":"https:\/\/www.estudi33.net\/#\/schema\/person\/ce39d8b0dff1da276aca9e4c46d07abc"},"headline":"Port de Tarragona, \u00faltimo y importante proyecto de Estudi 33","datePublished":"2020-03-03T17:17:31+00:00","dateModified":"2020-03-24T09:58:07+00:00","mainEntityOfPage":{"@id":"https:\/\/www.estudi33.net\/port-de-tarragona-lultim-i-important-projecte-destudi-33\/"},"wordCount":345,"publisher":{"@id":"https:\/\/www.estudi33.net\/#organization"},"image":{"@id":"https:\/\/www.estudi33.net\/port-de-tarragona-lultim-i-important-projecte-destudi-33\/#primaryimage"},"thumbnailUrl":"https:\/\/www.estudi33.net\/wp-content\/uploads\/2020\/03\/Agrifood-Port-Tarragona-Estudi-33.jpg","articleSection":["News"],"inLanguage":"es"},{"@type":"WebPage","@id":"https:\/\/www.estudi33.net\/port-de-tarragona-lultim-i-important-projecte-destudi-33\/","url":"https:\/\/www.estudi33.net\/port-de-tarragona-lultim-i-important-projecte-destudi-33\/","name":"[:ca]Port de Tarragona, \u00faltim i important projecte d\u2019Estudi 33[:es]Port de Tarragona, \u00faltimo y importante proyecto de Estudi 33[:] - Estudi 33","isPartOf":{"@id":"https:\/\/www.estudi33.net\/#website"},"primaryImageOfPage":{"@id":"https:\/\/www.estudi33.net\/port-de-tarragona-lultim-i-important-projecte-destudi-33\/#primaryimage"},"image":{"@id":"https:\/\/www.estudi33.net\/port-de-tarragona-lultim-i-important-projecte-destudi-33\/#primaryimage"},"thumbnailUrl":"https:\/\/www.estudi33.net\/wp-content\/uploads\/2020\/03\/Agrifood-Port-Tarragona-Estudi-33.jpg","datePublished":"2020-03-03T17:17:31+00:00","dateModified":"2020-03-24T09:58:07+00:00","description":"Els d\u00edes 1 i 2 d'octubre es dur\u00e0 a terme el 3er Congr\u00e9s Internacional Agrifood Port de Tarragona, i Estudi 33 ha preparat un espai web de luxe per l\u2019ocasi\u00f3!","breadcrumb":{"@id":"https:\/\/www.estudi33.net\/port-de-tarragona-lultim-i-important-projecte-destudi-33\/#breadcrumb"},"inLanguage":"es","potentialAction":[{"@type":"ReadAction","target":["https:\/\/www.estudi33.net\/port-de-tarragona-lultim-i-important-projecte-destudi-33\/"]}]},{"@type":"ImageObject","inLanguage":"es","@id":"https:\/\/www.estudi33.net\/port-de-tarragona-lultim-i-important-projecte-destudi-33\/#primaryimage","url":"https:\/\/www.estudi33.net\/wp-content\/uploads\/2020\/03\/Agrifood-Port-Tarragona-Estudi-33.jpg","contentUrl":"https:\/\/www.estudi33.net\/wp-content\/uploads\/2020\/03\/Agrifood-Port-Tarragona-Estudi-33.jpg","width":800,"height":545,"caption":"Agrifood Port Tarragona 2020"},{"@type":"BreadcrumbList","@id":"https:\/\/www.estudi33.net\/port-de-tarragona-lultim-i-important-projecte-destudi-33\/#breadcrumb","itemListElement":[{"@type":"ListItem","position":1,"name":"Portada","item":"https:\/\/www.estudi33.net\/"},{"@type":"ListItem","position":2,"name":"Port de Tarragona, \u00faltim i important projecte d\u2019Estudi 33"}]},{"@type":"WebSite","@id":"https:\/\/www.estudi33.net\/#website","url":"https:\/\/www.estudi33.net\/","name":"Estudi 33","description":"Agencia de comunicaci\u00f3n en Girona","publisher":{"@id":"https:\/\/www.estudi33.net\/#organization"},"potentialAction":[{"@type":"SearchAction","target":{"@type":"EntryPoint","urlTemplate":"https:\/\/www.estudi33.net\/?s={search_term_string}"},"query-input":{"@type":"PropertyValueSpecification","valueRequired":true,"valueName":"search_term_string"}}],"inLanguage":"es"},{"@type":"Organization","@id":"https:\/\/www.estudi33.net\/#organization","name":"Estudi 33","url":"https:\/\/www.estudi33.net\/","logo":{"@type":"ImageObject","inLanguage":"es","@id":"https:\/\/www.estudi33.net\/#\/schema\/logo\/image\/","url":"https:\/\/www.estudi33.net\/wp-content\/uploads\/2021\/02\/Estudi-33-Comunicacio-Marqueting-Logo.png","contentUrl":"https:\/\/www.estudi33.net\/wp-content\/uploads\/2021\/02\/Estudi-33-Comunicacio-Marqueting-Logo.png","width":350,"height":116,"caption":"Estudi 33"},"image":{"@id":"https:\/\/www.estudi33.net\/#\/schema\/logo\/image\/"},"sameAs":["https:\/\/www.facebook.com\/estudi33produccions\/","https:\/\/x.com\/estudi33","https:\/\/www.instagram.com\/estudi33_produccions\/","https:\/\/www.linkedin.com\/company-beta\/2639775\/","https:\/\/www.youtube.com\/channel\/UCvKHQ6x3z705QdUg8dx9AsQ"]},{"@type":"Person","@id":"https:\/\/www.estudi33.net\/#\/schema\/person\/ce39d8b0dff1da276aca9e4c46d07abc","name":"Estudi 33","sameAs":["https:\/\/www.estudi33.net"]}]}},"_links":{"self":[{"href":"https:\/\/www.estudi33.net\/es\/wp-json\/wp\/v2\/posts\/3557","targetHints":{"allow":["GET"]}}],"collection":[{"href":"https:\/\/www.estudi33.net\/es\/wp-json\/wp\/v2\/posts"}],"about":[{"href":"https:\/\/www.estudi33.net\/es\/wp-json\/wp\/v2\/types\/post"}],"author":[{"embeddable":true,"href":"https:\/\/www.estudi33.net\/es\/wp-json\/wp\/v2\/users\/1"}],"replies":[{"embeddable":true,"href":"https:\/\/www.estudi33.net\/es\/wp-json\/wp\/v2\/comments?post=3557"}],"version-history":[{"count":0,"href":"https:\/\/www.estudi33.net\/es\/wp-json\/wp\/v2\/posts\/3557\/revisions"}],"wp:featuredmedia":[{"embeddable":true,"href":"https:\/\/www.estudi33.net\/es\/wp-json\/wp\/v2\/media\/3651"}],"wp:attachment":[{"href":"https:\/\/www.estudi33.net\/es\/wp-json\/wp\/v2\/media?parent=3557"}],"wp:term":[{"taxonomy":"category","embeddable":true,"href":"https:\/\/www.estudi33.net\/es\/wp-json\/wp\/v2\/categories?post=3557"},{"taxonomy":"post_tag","embeddable":true,"href":"https:\/\/www.estudi33.net\/es\/wp-json\/wp\/v2\/tags?post=3557"}],"curies":[{"name":"wp","href":"https:\/\/api.w.org\/{rel}","templated":true}]}}