{"id":6262,"date":"2023-11-04T11:21:53","date_gmt":"2023-11-04T10:21:53","guid":{"rendered":"https:\/\/www.estudi33.net\/?p=6262"},"modified":"2023-11-04T12:09:49","modified_gmt":"2023-11-04T11:09:49","slug":"jornada-ocupacio-de-qualitat","status":"publish","type":"post","link":"https:\/\/www.estudi33.net\/es\/jornada-ocupacio-de-qualitat\/","title":{"rendered":"Jornada ocupaci\u00f3n de calidad"},"content":{"rendered":"\t\t<div data-elementor-type=\"wp-post\" data-elementor-id=\"6262\" class=\"elementor elementor-6262\" data-elementor-post-type=\"post\">\n\t\t\t\t\t\t<section class=\"elementor-section elementor-top-section elementor-element elementor-element-728686bb elementor-section-full_width elementor-section-height-default elementor-section-height-default\" data-id=\"728686bb\" data-element_type=\"section\" data-e-type=\"section\">\n\t\t\t\t\t\t<div class=\"elementor-container elementor-column-gap-no\">\n\t\t\t\t\t<div class=\"elementor-column elementor-col-100 elementor-top-column elementor-element elementor-element-4d32773a\" data-id=\"4d32773a\" data-element_type=\"column\" data-e-type=\"column\">\n\t\t\t<div class=\"elementor-widget-wrap elementor-element-populated\">\n\t\t\t\t\t\t<div class=\"elementor-element elementor-element-42d768c2 elementor-widget elementor-widget-text-editor\" data-id=\"42d768c2\" data-element_type=\"widget\" data-e-type=\"widget\" data-widget_type=\"text-editor.default\">\n\t\t\t\t\t\t\t\t\t<p>El pasado viernes tuvo lugar la Jornada \u201c<strong>Impuls per una ocupaci\u00f3 de qualitat<\/strong>\u201d organizada por la <a href=\"https:\/\/ciutada.platjadaro.com\/serveis\/empresa-i-ocupacio\/\" target=\"_blank\" rel=\"noopener\"><strong>concejal\u00eda de Promoci\u00f3n Econ\u00f3mica del Ajuntament de Castell Platja d\u2019Aro<\/strong><\/a> con la colaboraci\u00f3n del <a href=\"https:\/\/www.baixemporda.cat\/\" target=\"_blank\" rel=\"noopener\"><strong>Consell Comarcal del Baix Empord\u00e0<\/strong><\/a>.<\/p><p style=\"text-align: justify;\">Un debate sobre las necesidades reales de las empresas, las propuestas de mejora y siempre en busca de esta f\u00f3rmula m\u00e1gica para fidelizar\u00a0nuestros equipos de trabajo y conseguir una ocupaci\u00f3n m\u00e1s social y de m\u00e1s calidad<\/p><h3 style=\"text-align: justify;\">Estudi 33 a cargo de la moderaci\u00f3n de mesa redonda con 4 empresarios y empresarias de nuestra zona<\/h3><ul><li><strong>Carles Arnall<\/strong>, gerente de carnicer\u00edas Arnall.<\/li><li><strong>Salvador Giraut<\/strong>, consejero delegado de Mar Franc y presidente Pimec Comer\u00e7 Girona.<\/li><li><strong>Raquel Gonzaga<\/strong>, directora de Casa Hotel Santa Elena.<\/li><li><strong>Josep Maria Pla<\/strong>, gerente del Camping Les Medes.<\/li><\/ul><p style=\"text-align: justify;\">Y para poner el punto y final a la jornada, acompa\u00f1ando a <strong>Quim\u00a0Casellas<\/strong>, chef del Hotel Restaurant \u00a0Casamar\u00a0en\u00a0Llafranc, en su elaboraci\u00f3n de la receta del buen l\u00edder.<\/p><p style=\"text-align: justify;\">Una gran jornada en la que pudimos aprender, compartir, debatir y asumir retos de la mano de los mejores.<\/p><p style=\"text-align: justify;\">Muchas gracias <strong>Aro Impulsa<\/strong> por confiar de nuevo en nuestros servicios de conducci\u00f3n y moderaci\u00f3n de acto.<\/p><h4>\u00a1Hasta la pr\u00f3xima!<\/h4><p><\/p>\t\t\t\t\t\t\t\t<\/div>\n\t\t\t\t<div class=\"elementor-element elementor-element-25045e3 elementor-widget elementor-widget-gallery\" data-id=\"25045e3\" data-element_type=\"widget\" data-e-type=\"widget\" data-settings=\"{&quot;columns&quot;:3,&quot;columns_mobile&quot;:2,&quot;gap&quot;:{&quot;unit&quot;:&quot;px&quot;,&quot;size&quot;:4,&quot;sizes&quot;:[]},&quot;gap_tablet&quot;:{&quot;unit&quot;:&quot;px&quot;,&quot;size&quot;:4,&quot;sizes&quot;:[]},&quot;gap_mobile&quot;:{&quot;unit&quot;:&quot;px&quot;,&quot;size&quot;:2,&quot;sizes&quot;:[]},&quot;background_overlay_hover_animation&quot;:&quot;enter-zoom-out&quot;,&quot;lazyload&quot;:&quot;yes&quot;,&quot;gallery_layout&quot;:&quot;grid&quot;,&quot;columns_tablet&quot;:2,&quot;link_to&quot;:&quot;file&quot;,&quot;aspect_ratio&quot;:&quot;3:2&quot;,&quot;overlay_background&quot;:&quot;yes&quot;,&quot;content_hover_animation&quot;:&quot;fade-in&quot;}\" data-widget_type=\"gallery.default\">\n\t\t\t\t\t\t\t<div class=\"elementor-gallery__container\">\n\t\t\t\t\t\t\t<a class=\"e-gallery-item elementor-gallery-item elementor-animated-content\" href=\"https:\/\/www.estudi33.net\/wp-content\/uploads\/2023\/11\/Estudi-33-Blog-Jornada-Impuls-per-una-ocupacio-de-qualitat-Ajuntament-de-Castell-Platja-dAro-03.jpg\" data-elementor-open-lightbox=\"yes\" data-elementor-lightbox-slideshow=\"25045e3\" data-elementor-lightbox-title=\"Estudi 33 - Blog - Jornada impulso por una ocupaci\u00f3n de calidad\" data-e-action-hash=\"#elementor-action%3Aaction%3Dlightbox%26settings%3DeyJpZCI6NjI3MywidXJsIjoiaHR0cHM6XC9cL3d3dy5lc3R1ZGkzMy5uZXRcL3dwLWNvbnRlbnRcL3VwbG9hZHNcLzIwMjNcLzExXC9Fc3R1ZGktMzMtQmxvZy1Kb3JuYWRhLUltcHVscy1wZXItdW5hLW9jdXBhY2lvLWRlLXF1YWxpdGF0LUFqdW50YW1lbnQtZGUtQ2FzdGVsbC1QbGF0amEtZEFyby0wMy5qcGciLCJzbGlkZXNob3ciOiIyNTA0NWUzIn0%3D\">\n\t\t\t\t\t<div class=\"e-gallery-image elementor-gallery-item__image\" data-thumbnail=\"https:\/\/www.estudi33.net\/wp-content\/uploads\/2023\/11\/Estudi-33-Blog-Jornada-Impuls-per-una-ocupacio-de-qualitat-Ajuntament-de-Castell-Platja-dAro-03.jpg\" data-width=\"900\" data-height=\"600\" aria-label=\"Estudi 33 - Blog - Jornada impulso por una ocupaci\u00f3n de calidad\" role=\"img\" ><\/div>\n\t\t\t\t\t\t\t\t\t\t\t<div class=\"elementor-gallery-item__overlay\"><\/div>\n\t\t\t\t\t\t\t\t\t\t\t\t\t\t<\/a>\n\t\t\t\t\t\t\t<a class=\"e-gallery-item elementor-gallery-item elementor-animated-content\" href=\"https:\/\/www.estudi33.net\/wp-content\/uploads\/2023\/11\/Estudi-33-Blog-Jornada-Impuls-per-una-ocupacio-de-qualitat-Ajuntament-de-Castell-Platja-dAro-05.jpg\" data-elementor-open-lightbox=\"yes\" data-elementor-lightbox-slideshow=\"25045e3\" data-elementor-lightbox-title=\"Estudi 33 - Blog - Jornada impulso por una ocupaci\u00f3n de calidad\" data-e-action-hash=\"#elementor-action%3Aaction%3Dlightbox%26settings%3DeyJpZCI6NjI3MSwidXJsIjoiaHR0cHM6XC9cL3d3dy5lc3R1ZGkzMy5uZXRcL3dwLWNvbnRlbnRcL3VwbG9hZHNcLzIwMjNcLzExXC9Fc3R1ZGktMzMtQmxvZy1Kb3JuYWRhLUltcHVscy1wZXItdW5hLW9jdXBhY2lvLWRlLXF1YWxpdGF0LUFqdW50YW1lbnQtZGUtQ2FzdGVsbC1QbGF0amEtZEFyby0wNS5qcGciLCJzbGlkZXNob3ciOiIyNTA0NWUzIn0%3D\">\n\t\t\t\t\t<div class=\"e-gallery-image elementor-gallery-item__image\" data-thumbnail=\"https:\/\/www.estudi33.net\/wp-content\/uploads\/2023\/11\/Estudi-33-Blog-Jornada-Impuls-per-una-ocupacio-de-qualitat-Ajuntament-de-Castell-Platja-dAro-05.jpg\" data-width=\"900\" data-height=\"600\" aria-label=\"Estudi 33 - Blog - Jornada impulso por una ocupaci\u00f3n de calidad\" role=\"img\" ><\/div>\n\t\t\t\t\t\t\t\t\t\t\t<div class=\"elementor-gallery-item__overlay\"><\/div>\n\t\t\t\t\t\t\t\t\t\t\t\t\t\t<\/a>\n\t\t\t\t\t\t\t<a class=\"e-gallery-item elementor-gallery-item elementor-animated-content\" href=\"https:\/\/www.estudi33.net\/wp-content\/uploads\/2023\/11\/Estudi-33-Blog-Jornada-Impuls-per-una-ocupacio-de-qualitat-Ajuntament-de-Castell-Platja-dAro-02.jpg\" data-elementor-open-lightbox=\"yes\" data-elementor-lightbox-slideshow=\"25045e3\" data-elementor-lightbox-title=\"Estudi 33 - Blog - Jornada impulso por una ocupaci\u00f3n de calidad\" data-e-action-hash=\"#elementor-action%3Aaction%3Dlightbox%26settings%3DeyJpZCI6NjI3NCwidXJsIjoiaHR0cHM6XC9cL3d3dy5lc3R1ZGkzMy5uZXRcL3dwLWNvbnRlbnRcL3VwbG9hZHNcLzIwMjNcLzExXC9Fc3R1ZGktMzMtQmxvZy1Kb3JuYWRhLUltcHVscy1wZXItdW5hLW9jdXBhY2lvLWRlLXF1YWxpdGF0LUFqdW50YW1lbnQtZGUtQ2FzdGVsbC1QbGF0amEtZEFyby0wMi5qcGciLCJzbGlkZXNob3ciOiIyNTA0NWUzIn0%3D\">\n\t\t\t\t\t<div class=\"e-gallery-image elementor-gallery-item__image\" data-thumbnail=\"https:\/\/www.estudi33.net\/wp-content\/uploads\/2023\/11\/Estudi-33-Blog-Jornada-Impuls-per-una-ocupacio-de-qualitat-Ajuntament-de-Castell-Platja-dAro-02.jpg\" data-width=\"900\" data-height=\"600\" aria-label=\"Estudi 33 - Blog - Jornada impulso por una ocupaci\u00f3n de calidad\" role=\"img\" ><\/div>\n\t\t\t\t\t\t\t\t\t\t\t<div class=\"elementor-gallery-item__overlay\"><\/div>\n\t\t\t\t\t\t\t\t\t\t\t\t\t\t<\/a>\n\t\t\t\t\t\t\t<a class=\"e-gallery-item elementor-gallery-item elementor-animated-content\" href=\"https:\/\/www.estudi33.net\/wp-content\/uploads\/2023\/11\/Estudi-33-Blog-Jornada-Impuls-per-una-ocupacio-de-qualitat-Ajuntament-de-Castell-Platja-dAro-01.jpg\" data-elementor-open-lightbox=\"yes\" data-elementor-lightbox-slideshow=\"25045e3\" data-elementor-lightbox-title=\"Estudi 33 - Blog - Jornada impulso por una ocupaci\u00f3n de calidad\" data-e-action-hash=\"#elementor-action%3Aaction%3Dlightbox%26settings%3DeyJpZCI6NjI2NSwidXJsIjoiaHR0cHM6XC9cL3d3dy5lc3R1ZGkzMy5uZXRcL3dwLWNvbnRlbnRcL3VwbG9hZHNcLzIwMjNcLzExXC9Fc3R1ZGktMzMtQmxvZy1Kb3JuYWRhLUltcHVscy1wZXItdW5hLW9jdXBhY2lvLWRlLXF1YWxpdGF0LUFqdW50YW1lbnQtZGUtQ2FzdGVsbC1QbGF0amEtZEFyby0wMS5qcGciLCJzbGlkZXNob3ciOiIyNTA0NWUzIn0%3D\">\n\t\t\t\t\t<div class=\"e-gallery-image elementor-gallery-item__image\" data-thumbnail=\"https:\/\/www.estudi33.net\/wp-content\/uploads\/2023\/11\/Estudi-33-Blog-Jornada-Impuls-per-una-ocupacio-de-qualitat-Ajuntament-de-Castell-Platja-dAro-01.jpg\" data-width=\"900\" data-height=\"600\" aria-label=\"Estudi 33 - Blog - Jornada impulso por una ocupaci\u00f3n de calidad\" role=\"img\" ><\/div>\n\t\t\t\t\t\t\t\t\t\t\t<div class=\"elementor-gallery-item__overlay\"><\/div>\n\t\t\t\t\t\t\t\t\t\t\t\t\t\t<\/a>\n\t\t\t\t\t\t\t<a class=\"e-gallery-item elementor-gallery-item elementor-animated-content\" href=\"https:\/\/www.estudi33.net\/wp-content\/uploads\/2023\/11\/Estudi-33-Blog-Jornada-Impuls-per-una-ocupacio-de-qualitat-Ajuntament-de-Castell-Platja-dAro-04.jpg\" data-elementor-open-lightbox=\"yes\" data-elementor-lightbox-slideshow=\"25045e3\" data-elementor-lightbox-title=\"Estudi 33 - Blog - Jornada impulso por una ocupaci\u00f3n de calidad\" data-e-action-hash=\"#elementor-action%3Aaction%3Dlightbox%26settings%3DeyJpZCI6NjI3MiwidXJsIjoiaHR0cHM6XC9cL3d3dy5lc3R1ZGkzMy5uZXRcL3dwLWNvbnRlbnRcL3VwbG9hZHNcLzIwMjNcLzExXC9Fc3R1ZGktMzMtQmxvZy1Kb3JuYWRhLUltcHVscy1wZXItdW5hLW9jdXBhY2lvLWRlLXF1YWxpdGF0LUFqdW50YW1lbnQtZGUtQ2FzdGVsbC1QbGF0amEtZEFyby0wNC5qcGciLCJzbGlkZXNob3ciOiIyNTA0NWUzIn0%3D\">\n\t\t\t\t\t<div class=\"e-gallery-image elementor-gallery-item__image\" data-thumbnail=\"https:\/\/www.estudi33.net\/wp-content\/uploads\/2023\/11\/Estudi-33-Blog-Jornada-Impuls-per-una-ocupacio-de-qualitat-Ajuntament-de-Castell-Platja-dAro-04.jpg\" data-width=\"900\" data-height=\"600\" aria-label=\"Estudi 33 - Blog - Jornada impulso por una ocupaci\u00f3n de calidad\" role=\"img\" ><\/div>\n\t\t\t\t\t\t\t\t\t\t\t<div class=\"elementor-gallery-item__overlay\"><\/div>\n\t\t\t\t\t\t\t\t\t\t\t\t\t\t<\/a>\n\t\t\t\t\t\t\t<a class=\"e-gallery-item elementor-gallery-item elementor-animated-content\" href=\"https:\/\/www.estudi33.net\/wp-content\/uploads\/2023\/11\/Estudi-33-Blog-Jornada-Impuls-per-una-ocupacio-de-qualitat-Ajuntament-de-Castell-Platja-dAro-06.jpg\" data-elementor-open-lightbox=\"yes\" data-elementor-lightbox-slideshow=\"25045e3\" data-elementor-lightbox-title=\"Estudi 33 - Blog - Jornada impulso por una ocupaci\u00f3n de calidad\" data-e-action-hash=\"#elementor-action%3Aaction%3Dlightbox%26settings%3DeyJpZCI6NjI3MCwidXJsIjoiaHR0cHM6XC9cL3d3dy5lc3R1ZGkzMy5uZXRcL3dwLWNvbnRlbnRcL3VwbG9hZHNcLzIwMjNcLzExXC9Fc3R1ZGktMzMtQmxvZy1Kb3JuYWRhLUltcHVscy1wZXItdW5hLW9jdXBhY2lvLWRlLXF1YWxpdGF0LUFqdW50YW1lbnQtZGUtQ2FzdGVsbC1QbGF0amEtZEFyby0wNi5qcGciLCJzbGlkZXNob3ciOiIyNTA0NWUzIn0%3D\">\n\t\t\t\t\t<div class=\"e-gallery-image elementor-gallery-item__image\" data-thumbnail=\"https:\/\/www.estudi33.net\/wp-content\/uploads\/2023\/11\/Estudi-33-Blog-Jornada-Impuls-per-una-ocupacio-de-qualitat-Ajuntament-de-Castell-Platja-dAro-06.jpg\" data-width=\"900\" data-height=\"600\" aria-label=\"Estudi 33 - Blog - Jornada impulso por una ocupaci\u00f3n de calidad\" role=\"img\" ><\/div>\n\t\t\t\t\t\t\t\t\t\t\t<div class=\"elementor-gallery-item__overlay\"><\/div>\n\t\t\t\t\t\t\t\t\t\t\t\t\t\t<\/a>\n\t\t\t\t\t<\/div>\n\t\t\t\t\t<\/div>\n\t\t\t\t\t<\/div>\n\t\t<\/div>\n\t\t\t\t\t<\/div>\n\t\t<\/section>\n\t\t\t\t<\/div>\n\t\t","protected":false},"excerpt":{"rendered":"<p style=\"text-align: justify;\">El pasado viernes tuvo lugar la Jornada \u201c<strong>Impuls per una ocupaci\u00f3 de qualitat<\/strong>\u201d organizada por la <a href=\"https:\/\/ciutada.platjadaro.com\/serveis\/empresa-i-ocupacio\/\" target=\"_blank\" rel=\"noopener\"><strong>concejal\u00eda de Promoci\u00f3n Econ\u00f3mica del Ajuntament de Castell Platja d\u2019Aro<\/strong><\/a> con la colaboraci\u00f3n del <a href=\"https:\/\/www.baixemporda.cat\/\" target=\"_blank\" rel=\"noopener\"><strong>Consell Comarcal del Baix Empord\u00e0<\/strong><\/a>.<\/p>\n","protected":false},"author":1,"featured_media":6265,"comment_status":"closed","ping_status":"closed","sticky":false,"template":"","format":"standard","meta":{"footnotes":""},"categories":[17,1],"tags":[],"class_list":["post-6262","post","type-post","status-publish","format-standard","has-post-thumbnail","hentry","category-events","category-news"],"yoast_head":"<!-- This site is optimized with the Yoast SEO plugin v27.5 - https:\/\/yoast.com\/product\/yoast-seo-wordpress\/ -->\n<title>Jornada ocupaci\u00f3n de calidad - Estudi 33<\/title>\n<meta name=\"description\" content=\"Jornada \u201cImpuls per una ocupaci\u00f3 de qualitat\u201d organitzada per la regidoria de Promoci\u00f3 Econ\u00f2mica de l\u2019Ajuntament de Castell Platja d\u2019Aro.\" \/>\n<meta name=\"robots\" content=\"index, follow, max-snippet:-1, max-image-preview:large, max-video-preview:-1\" \/>\n<link rel=\"canonical\" href=\"https:\/\/www.estudi33.net\/jornada-ocupacio-de-qualitat\/\" \/>\n<meta property=\"og:locale\" content=\"es_ES\" \/>\n<meta property=\"og:type\" content=\"article\" \/>\n<meta property=\"og:title\" content=\"[:ca]Jornada ocupaci\u00f3 de qualitat[:es]Jornada ocupaci\u00f3n de calidad[:] - Estudi 33\" \/>\n<meta property=\"og:description\" content=\"Jornada \u201cImpuls per una ocupaci\u00f3 de qualitat\u201d organitzada per la regidoria de Promoci\u00f3 Econ\u00f2mica de l\u2019Ajuntament de Castell Platja d\u2019Aro.\" \/>\n<meta property=\"og:url\" content=\"https:\/\/www.estudi33.net\/jornada-ocupacio-de-qualitat\/\" \/>\n<meta property=\"og:site_name\" content=\"Estudi 33\" \/>\n<meta property=\"article:publisher\" content=\"https:\/\/www.facebook.com\/estudi33produccions\/\" \/>\n<meta property=\"article:published_time\" content=\"2023-11-04T10:21:53+00:00\" \/>\n<meta property=\"article:modified_time\" content=\"2023-11-04T11:09:49+00:00\" \/>\n<meta property=\"og:image\" content=\"https:\/\/www.estudi33.net\/wp-content\/uploads\/2023\/11\/Estudi-33-Blog-Jornada-Impuls-per-una-ocupacio-de-qualitat-Ajuntament-de-Castell-Platja-dAro-01.jpg\" \/>\n\t<meta property=\"og:image:width\" content=\"900\" \/>\n\t<meta property=\"og:image:height\" content=\"600\" \/>\n\t<meta property=\"og:image:type\" content=\"image\/jpeg\" \/>\n<meta name=\"author\" content=\"Estudi 33\" \/>\n<meta name=\"twitter:card\" content=\"summary_large_image\" \/>\n<meta name=\"twitter:creator\" content=\"@estudi33\" \/>\n<meta name=\"twitter:site\" content=\"@estudi33\" \/>\n<meta name=\"twitter:label1\" content=\"Escrito por\" \/>\n\t<meta name=\"twitter:data1\" content=\"Estudi 33\" \/>\n\t<meta name=\"twitter:label2\" content=\"Tiempo de lectura\" \/>\n\t<meta name=\"twitter:data2\" content=\"2 minutos\" \/>\n<script type=\"application\/ld+json\" class=\"yoast-schema-graph\">{\"@context\":\"https:\\\/\\\/schema.org\",\"@graph\":[{\"@type\":\"Article\",\"@id\":\"https:\\\/\\\/www.estudi33.net\\\/jornada-ocupacio-de-qualitat\\\/#article\",\"isPartOf\":{\"@id\":\"https:\\\/\\\/www.estudi33.net\\\/jornada-ocupacio-de-qualitat\\\/\"},\"author\":{\"name\":\"Estudi 33\",\"@id\":\"https:\\\/\\\/www.estudi33.net\\\/#\\\/schema\\\/person\\\/ce39d8b0dff1da276aca9e4c46d07abc\"},\"headline\":\"Jornada ocupaci\u00f3n de calidad\",\"datePublished\":\"2023-11-04T10:21:53+00:00\",\"dateModified\":\"2023-11-04T11:09:49+00:00\",\"mainEntityOfPage\":{\"@id\":\"https:\\\/\\\/www.estudi33.net\\\/jornada-ocupacio-de-qualitat\\\/\"},\"wordCount\":433,\"publisher\":{\"@id\":\"https:\\\/\\\/www.estudi33.net\\\/#organization\"},\"image\":{\"@id\":\"https:\\\/\\\/www.estudi33.net\\\/jornada-ocupacio-de-qualitat\\\/#primaryimage\"},\"thumbnailUrl\":\"https:\\\/\\\/www.estudi33.net\\\/wp-content\\\/uploads\\\/2023\\\/11\\\/Estudi-33-Blog-Jornada-Impuls-per-una-ocupacio-de-qualitat-Ajuntament-de-Castell-Platja-dAro-01.jpg\",\"articleSection\":[\"Eventos\",\"News\"],\"inLanguage\":\"es\"},{\"@type\":\"WebPage\",\"@id\":\"https:\\\/\\\/www.estudi33.net\\\/jornada-ocupacio-de-qualitat\\\/\",\"url\":\"https:\\\/\\\/www.estudi33.net\\\/jornada-ocupacio-de-qualitat\\\/\",\"name\":\"[:ca]Jornada ocupaci\u00f3 de qualitat[:es]Jornada ocupaci\u00f3n de calidad[:] - Estudi 33\",\"isPartOf\":{\"@id\":\"https:\\\/\\\/www.estudi33.net\\\/#website\"},\"primaryImageOfPage\":{\"@id\":\"https:\\\/\\\/www.estudi33.net\\\/jornada-ocupacio-de-qualitat\\\/#primaryimage\"},\"image\":{\"@id\":\"https:\\\/\\\/www.estudi33.net\\\/jornada-ocupacio-de-qualitat\\\/#primaryimage\"},\"thumbnailUrl\":\"https:\\\/\\\/www.estudi33.net\\\/wp-content\\\/uploads\\\/2023\\\/11\\\/Estudi-33-Blog-Jornada-Impuls-per-una-ocupacio-de-qualitat-Ajuntament-de-Castell-Platja-dAro-01.jpg\",\"datePublished\":\"2023-11-04T10:21:53+00:00\",\"dateModified\":\"2023-11-04T11:09:49+00:00\",\"description\":\"Jornada \u201cImpuls per una ocupaci\u00f3 de qualitat\u201d organitzada per la regidoria de Promoci\u00f3 Econ\u00f2mica de l\u2019Ajuntament de Castell Platja d\u2019Aro.\",\"breadcrumb\":{\"@id\":\"https:\\\/\\\/www.estudi33.net\\\/jornada-ocupacio-de-qualitat\\\/#breadcrumb\"},\"inLanguage\":\"es\",\"potentialAction\":[{\"@type\":\"ReadAction\",\"target\":[\"https:\\\/\\\/www.estudi33.net\\\/jornada-ocupacio-de-qualitat\\\/\"]}]},{\"@type\":\"ImageObject\",\"inLanguage\":\"es\",\"@id\":\"https:\\\/\\\/www.estudi33.net\\\/jornada-ocupacio-de-qualitat\\\/#primaryimage\",\"url\":\"https:\\\/\\\/www.estudi33.net\\\/wp-content\\\/uploads\\\/2023\\\/11\\\/Estudi-33-Blog-Jornada-Impuls-per-una-ocupacio-de-qualitat-Ajuntament-de-Castell-Platja-dAro-01.jpg\",\"contentUrl\":\"https:\\\/\\\/www.estudi33.net\\\/wp-content\\\/uploads\\\/2023\\\/11\\\/Estudi-33-Blog-Jornada-Impuls-per-una-ocupacio-de-qualitat-Ajuntament-de-Castell-Platja-dAro-01.jpg\",\"width\":900,\"height\":600,\"caption\":\"Estudi 33 - Blog - Jornada impulso por una ocupaci\u00f3n de calidad\"},{\"@type\":\"BreadcrumbList\",\"@id\":\"https:\\\/\\\/www.estudi33.net\\\/jornada-ocupacio-de-qualitat\\\/#breadcrumb\",\"itemListElement\":[{\"@type\":\"ListItem\",\"position\":1,\"name\":\"Portada\",\"item\":\"https:\\\/\\\/www.estudi33.net\\\/\"},{\"@type\":\"ListItem\",\"position\":2,\"name\":\"Jornada ocupaci\u00f3 de qualitat\"}]},{\"@type\":\"WebSite\",\"@id\":\"https:\\\/\\\/www.estudi33.net\\\/#website\",\"url\":\"https:\\\/\\\/www.estudi33.net\\\/\",\"name\":\"Estudi 33\",\"description\":\"Agencia de comunicaci\u00f3n en Girona\",\"publisher\":{\"@id\":\"https:\\\/\\\/www.estudi33.net\\\/#organization\"},\"potentialAction\":[{\"@type\":\"SearchAction\",\"target\":{\"@type\":\"EntryPoint\",\"urlTemplate\":\"https:\\\/\\\/www.estudi33.net\\\/?s={search_term_string}\"},\"query-input\":{\"@type\":\"PropertyValueSpecification\",\"valueRequired\":true,\"valueName\":\"search_term_string\"}}],\"inLanguage\":\"es\"},{\"@type\":\"Organization\",\"@id\":\"https:\\\/\\\/www.estudi33.net\\\/#organization\",\"name\":\"Estudi 33\",\"url\":\"https:\\\/\\\/www.estudi33.net\\\/\",\"logo\":{\"@type\":\"ImageObject\",\"inLanguage\":\"es\",\"@id\":\"https:\\\/\\\/www.estudi33.net\\\/#\\\/schema\\\/logo\\\/image\\\/\",\"url\":\"https:\\\/\\\/www.estudi33.net\\\/wp-content\\\/uploads\\\/2021\\\/02\\\/Estudi-33-Comunicacio-Marqueting-Logo.png\",\"contentUrl\":\"https:\\\/\\\/www.estudi33.net\\\/wp-content\\\/uploads\\\/2021\\\/02\\\/Estudi-33-Comunicacio-Marqueting-Logo.png\",\"width\":350,\"height\":116,\"caption\":\"Estudi 33\"},\"image\":{\"@id\":\"https:\\\/\\\/www.estudi33.net\\\/#\\\/schema\\\/logo\\\/image\\\/\"},\"sameAs\":[\"https:\\\/\\\/www.facebook.com\\\/estudi33produccions\\\/\",\"https:\\\/\\\/x.com\\\/estudi33\",\"https:\\\/\\\/www.instagram.com\\\/estudi33_produccions\\\/\",\"https:\\\/\\\/www.linkedin.com\\\/company-beta\\\/2639775\\\/\",\"https:\\\/\\\/www.youtube.com\\\/channel\\\/UCvKHQ6x3z705QdUg8dx9AsQ\"]},{\"@type\":\"Person\",\"@id\":\"https:\\\/\\\/www.estudi33.net\\\/#\\\/schema\\\/person\\\/ce39d8b0dff1da276aca9e4c46d07abc\",\"name\":\"Estudi 33\",\"sameAs\":[\"https:\\\/\\\/www.estudi33.net\"]}]}<\/script>\n<!-- \/ Yoast SEO plugin. -->","yoast_head_json":{"title":"[:ca]Jornada ocupaci\u00f3 de qualitat[:es]Jornada ocupaci\u00f3n de calidad[:] - Estudi 33","description":"Jornada \u201cImpuls per una ocupaci\u00f3 de qualitat\u201d organitzada per la regidoria de Promoci\u00f3 Econ\u00f2mica de l\u2019Ajuntament de Castell Platja d\u2019Aro.","robots":{"index":"index","follow":"follow","max-snippet":"max-snippet:-1","max-image-preview":"max-image-preview:large","max-video-preview":"max-video-preview:-1"},"canonical":"https:\/\/www.estudi33.net\/jornada-ocupacio-de-qualitat\/","og_locale":"es_ES","og_type":"article","og_title":"[:ca]Jornada ocupaci\u00f3 de qualitat[:es]Jornada ocupaci\u00f3n de calidad[:] - Estudi 33","og_description":"Jornada \u201cImpuls per una ocupaci\u00f3 de qualitat\u201d organitzada per la regidoria de Promoci\u00f3 Econ\u00f2mica de l\u2019Ajuntament de Castell Platja d\u2019Aro.","og_url":"https:\/\/www.estudi33.net\/jornada-ocupacio-de-qualitat\/","og_site_name":"Estudi 33","article_publisher":"https:\/\/www.facebook.com\/estudi33produccions\/","article_published_time":"2023-11-04T10:21:53+00:00","article_modified_time":"2023-11-04T11:09:49+00:00","og_image":[{"width":900,"height":600,"url":"https:\/\/www.estudi33.net\/wp-content\/uploads\/2023\/11\/Estudi-33-Blog-Jornada-Impuls-per-una-ocupacio-de-qualitat-Ajuntament-de-Castell-Platja-dAro-01.jpg","type":"image\/jpeg"}],"author":"Estudi 33","twitter_card":"summary_large_image","twitter_creator":"@estudi33","twitter_site":"@estudi33","twitter_misc":{"Escrito por":"Estudi 33","Tiempo de lectura":"2 minutos"},"schema":{"@context":"https:\/\/schema.org","@graph":[{"@type":"Article","@id":"https:\/\/www.estudi33.net\/jornada-ocupacio-de-qualitat\/#article","isPartOf":{"@id":"https:\/\/www.estudi33.net\/jornada-ocupacio-de-qualitat\/"},"author":{"name":"Estudi 33","@id":"https:\/\/www.estudi33.net\/#\/schema\/person\/ce39d8b0dff1da276aca9e4c46d07abc"},"headline":"Jornada ocupaci\u00f3n de calidad","datePublished":"2023-11-04T10:21:53+00:00","dateModified":"2023-11-04T11:09:49+00:00","mainEntityOfPage":{"@id":"https:\/\/www.estudi33.net\/jornada-ocupacio-de-qualitat\/"},"wordCount":433,"publisher":{"@id":"https:\/\/www.estudi33.net\/#organization"},"image":{"@id":"https:\/\/www.estudi33.net\/jornada-ocupacio-de-qualitat\/#primaryimage"},"thumbnailUrl":"https:\/\/www.estudi33.net\/wp-content\/uploads\/2023\/11\/Estudi-33-Blog-Jornada-Impuls-per-una-ocupacio-de-qualitat-Ajuntament-de-Castell-Platja-dAro-01.jpg","articleSection":["Eventos","News"],"inLanguage":"es"},{"@type":"WebPage","@id":"https:\/\/www.estudi33.net\/jornada-ocupacio-de-qualitat\/","url":"https:\/\/www.estudi33.net\/jornada-ocupacio-de-qualitat\/","name":"[:ca]Jornada ocupaci\u00f3 de qualitat[:es]Jornada ocupaci\u00f3n de calidad[:] - Estudi 33","isPartOf":{"@id":"https:\/\/www.estudi33.net\/#website"},"primaryImageOfPage":{"@id":"https:\/\/www.estudi33.net\/jornada-ocupacio-de-qualitat\/#primaryimage"},"image":{"@id":"https:\/\/www.estudi33.net\/jornada-ocupacio-de-qualitat\/#primaryimage"},"thumbnailUrl":"https:\/\/www.estudi33.net\/wp-content\/uploads\/2023\/11\/Estudi-33-Blog-Jornada-Impuls-per-una-ocupacio-de-qualitat-Ajuntament-de-Castell-Platja-dAro-01.jpg","datePublished":"2023-11-04T10:21:53+00:00","dateModified":"2023-11-04T11:09:49+00:00","description":"Jornada \u201cImpuls per una ocupaci\u00f3 de qualitat\u201d organitzada per la regidoria de Promoci\u00f3 Econ\u00f2mica de l\u2019Ajuntament de Castell Platja d\u2019Aro.","breadcrumb":{"@id":"https:\/\/www.estudi33.net\/jornada-ocupacio-de-qualitat\/#breadcrumb"},"inLanguage":"es","potentialAction":[{"@type":"ReadAction","target":["https:\/\/www.estudi33.net\/jornada-ocupacio-de-qualitat\/"]}]},{"@type":"ImageObject","inLanguage":"es","@id":"https:\/\/www.estudi33.net\/jornada-ocupacio-de-qualitat\/#primaryimage","url":"https:\/\/www.estudi33.net\/wp-content\/uploads\/2023\/11\/Estudi-33-Blog-Jornada-Impuls-per-una-ocupacio-de-qualitat-Ajuntament-de-Castell-Platja-dAro-01.jpg","contentUrl":"https:\/\/www.estudi33.net\/wp-content\/uploads\/2023\/11\/Estudi-33-Blog-Jornada-Impuls-per-una-ocupacio-de-qualitat-Ajuntament-de-Castell-Platja-dAro-01.jpg","width":900,"height":600,"caption":"Estudi 33 - Blog - Jornada impulso por una ocupaci\u00f3n de calidad"},{"@type":"BreadcrumbList","@id":"https:\/\/www.estudi33.net\/jornada-ocupacio-de-qualitat\/#breadcrumb","itemListElement":[{"@type":"ListItem","position":1,"name":"Portada","item":"https:\/\/www.estudi33.net\/"},{"@type":"ListItem","position":2,"name":"Jornada ocupaci\u00f3 de qualitat"}]},{"@type":"WebSite","@id":"https:\/\/www.estudi33.net\/#website","url":"https:\/\/www.estudi33.net\/","name":"Estudi 33","description":"Agencia de comunicaci\u00f3n en Girona","publisher":{"@id":"https:\/\/www.estudi33.net\/#organization"},"potentialAction":[{"@type":"SearchAction","target":{"@type":"EntryPoint","urlTemplate":"https:\/\/www.estudi33.net\/?s={search_term_string}"},"query-input":{"@type":"PropertyValueSpecification","valueRequired":true,"valueName":"search_term_string"}}],"inLanguage":"es"},{"@type":"Organization","@id":"https:\/\/www.estudi33.net\/#organization","name":"Estudi 33","url":"https:\/\/www.estudi33.net\/","logo":{"@type":"ImageObject","inLanguage":"es","@id":"https:\/\/www.estudi33.net\/#\/schema\/logo\/image\/","url":"https:\/\/www.estudi33.net\/wp-content\/uploads\/2021\/02\/Estudi-33-Comunicacio-Marqueting-Logo.png","contentUrl":"https:\/\/www.estudi33.net\/wp-content\/uploads\/2021\/02\/Estudi-33-Comunicacio-Marqueting-Logo.png","width":350,"height":116,"caption":"Estudi 33"},"image":{"@id":"https:\/\/www.estudi33.net\/#\/schema\/logo\/image\/"},"sameAs":["https:\/\/www.facebook.com\/estudi33produccions\/","https:\/\/x.com\/estudi33","https:\/\/www.instagram.com\/estudi33_produccions\/","https:\/\/www.linkedin.com\/company-beta\/2639775\/","https:\/\/www.youtube.com\/channel\/UCvKHQ6x3z705QdUg8dx9AsQ"]},{"@type":"Person","@id":"https:\/\/www.estudi33.net\/#\/schema\/person\/ce39d8b0dff1da276aca9e4c46d07abc","name":"Estudi 33","sameAs":["https:\/\/www.estudi33.net"]}]}},"_links":{"self":[{"href":"https:\/\/www.estudi33.net\/es\/wp-json\/wp\/v2\/posts\/6262","targetHints":{"allow":["GET"]}}],"collection":[{"href":"https:\/\/www.estudi33.net\/es\/wp-json\/wp\/v2\/posts"}],"about":[{"href":"https:\/\/www.estudi33.net\/es\/wp-json\/wp\/v2\/types\/post"}],"author":[{"embeddable":true,"href":"https:\/\/www.estudi33.net\/es\/wp-json\/wp\/v2\/users\/1"}],"replies":[{"embeddable":true,"href":"https:\/\/www.estudi33.net\/es\/wp-json\/wp\/v2\/comments?post=6262"}],"version-history":[{"count":0,"href":"https:\/\/www.estudi33.net\/es\/wp-json\/wp\/v2\/posts\/6262\/revisions"}],"wp:featuredmedia":[{"embeddable":true,"href":"https:\/\/www.estudi33.net\/es\/wp-json\/wp\/v2\/media\/6265"}],"wp:attachment":[{"href":"https:\/\/www.estudi33.net\/es\/wp-json\/wp\/v2\/media?parent=6262"}],"wp:term":[{"taxonomy":"category","embeddable":true,"href":"https:\/\/www.estudi33.net\/es\/wp-json\/wp\/v2\/categories?post=6262"},{"taxonomy":"post_tag","embeddable":true,"href":"https:\/\/www.estudi33.net\/es\/wp-json\/wp\/v2\/tags?post=6262"}],"curies":[{"name":"wp","href":"https:\/\/api.w.org\/{rel}","templated":true}]}}